{
    "current_url": "/acompanhantes-es/feed?page=$22",
    "response": "<div class=\"row mt-32 mb-32 card-list-default flex-100 grid-span-md grid-span-lg\">   <div class=\"col-100 col-md-50 p-15\" data-video=\"1\" data-video=\"1\" data-vende=\"0\" data-midia=\"1\"><a class=\"card-destaque d-block\" href=\"https://www.ilhadoprazer.com.br/acompanhante/jade-ferrari-539340?source=ouro\" title=\"Jade Ferrari, Vit\u00f3ria ES - Sou muito simp\u00e1tica e carinhosa, um encontro especial em destaque\" rel=\"nofollow\"><div class=\"card-image position-relative\">  <img class=\"w-100 h-100 position-absolute top-0 left-0 right-0\" width=\"628\" height=\"301\" src=\"https://static.ilhadoprazer.com.br/acompanhantes/jade-ferrari-539340/acompanhante-jade-ferrari-capa_horizontal_5393_00002.jpg\" title=\"Jade Ferrari, Vit\u00f3ria ES - Sou muito simp\u00e1tica e carinhosa, um encontro especial - Sou muito simp\u00e1tica e carinhosa, um encontro especial em destaque\" alt=\"Jade Ferrari, Vit\u00f3ria ES - Sou muito simp\u00e1tica e carinhosa, um encontro especial - Sou muito simp\u00e1tica e carinhosa, um encontro especial em destaque\" decoding=\"async\"  loading=\"lazy\"  /><div class=\"stars left-0 right-0 top-0 position-absolute m-auto\">\u2605\u2605\u2605\u2605\u2605</div></div><span class=\"fs-18 lineheigth-18 fw-bold d-block pl-10 pt-10 pr-10\">Jade Ferrari</span><span class=\"d-block pl-10 pr-10 pt-3 pb-3 fs-10 fw-bold gold\">Acompanhante Ouro</span><p class=\"pl-10 pr-10 pt-5 pb-5 m-0 fs-16 lineheigth-16 fw-light gray-5\">Sou muito simp\u00e1tica e carinhosa, um encontro especial</p><p class=\"pl-10 pr-10 pt-5 mb-10 m-0 fs-16 lineheigth-18 card-text\">Acompanhante de alto padr\u00e3o. Garanto ser uma mulher linda de rosto e belas curvas como nas fotos, sensacional na cama, safadinha e deliciosa, pronta para te satisfazer. Tenho rosto delicado, pele macia e bem cheiro...</p><span class=\"d-block pt-5 pl-10 fs-16 lineheigth-16\"><span class=\"va-top icon-star mr-5\">\u2605</span> 28 anos</span><span class=\"d-block pt-5 pl-10 fs-16 lineheigth-16\"><span class=\"va-top icon-star mr-5\">\u2605</span> Tenho Local</span><span class=\"d-block pt-5 pl-10 fs-16 lineheigth-16\"><span class=\"va-top icon-star mr-5\">\u2605</span> Sem Limite de Finaliza\u00e7\u00e3o</span><span class=\"d-block pt-5 pl-10 fs-16 lineheigth-16\"><i class=\"svg gps-mark va-top bg-gray-6 mr-5\"></i> Jardim da Penha, Vit\u00f3ria/ES</span><p class=\"fs-16 lineheigth-16 fw-bold m-0 mt-10 p-10 \">R$ 300,00 a R$ 900,00</p></a></div>    <div class=\"col-100 col-md-50 p-15\" data-video=\"1\" data-video=\"1\" data-vende=\"1\" data-midia=\"1\"><a class=\"card-destaque d-block\" href=\"https://www.ilhadoprazer.com.br/acompanhante/yara-125331?source=ouro\" title=\"Yara, Vit\u00f3ria ES - Dispon\u00edvel em destaque\" rel=\"nofollow\"><div class=\"card-image position-relative\">  <img class=\"w-100 h-100 position-absolute top-0 left-0 right-0\" width=\"628\" height=\"301\" src=\"https://static.ilhadoprazer.com.br/acompanhantes/yara-125331/acompanhante-yara-capa_horizontal_1253_00002.jpg\" title=\"Yara, Vit\u00f3ria ES - Dispon\u00edvel - Dispon\u00edvel em destaque\" alt=\"Yara, Vit\u00f3ria ES - Dispon\u00edvel - Dispon\u00edvel em destaque\" decoding=\"async\"  loading=\"lazy\"  /><div class=\"stars left-0 right-0 top-0 position-absolute m-auto\">\u2605\u2605\u2605\u2605\u2605</div></div><span class=\"fs-18 lineheigth-18 fw-bold d-block pl-10 pt-10 pr-10\">Yara</span><span class=\"d-block pl-10 pr-10 pt-3 pb-3 fs-10 fw-bold gold\">Acompanhante Ouro</span><p class=\"pl-10 pr-10 pt-5 pb-5 m-0 fs-16 lineheigth-16 fw-light gray-5\">Dispon\u00edvel</p><p class=\"pl-10 pr-10 pt-5 mb-10 m-0 fs-16 lineheigth-18 card-text\">Ol\u00e1, sou Yara! Que bom que voc\u00ea chegou at\u00e9 aqui e escolheu o meu perfil\u2026 \ud83e\udef6\ud83c\udffb Fique \u00e0 vontade para explorar. \ud83e\udd70 Sou uma acompanhante carinhosa, delicada e envolvente. Sempre estarei pronta, de bom-humor, pele perfumada ...</p><span class=\"d-block pt-5 pl-10 fs-16 lineheigth-16\"><span class=\"va-top icon-star mr-5\">\u2605</span> 31 anos</span><span class=\"d-block pt-5 pl-10 fs-16 lineheigth-16\"><span class=\"va-top icon-star mr-5\">\u2605</span> Tenho Local</span><span class=\"d-block pt-5 pl-10 fs-16 lineheigth-16\"><span class=\"va-top icon-star mr-5\">\u2605</span> Faz Anal</span><span class=\"d-block pt-5 pl-10 fs-16 lineheigth-16\"><i class=\"svg gps-mark va-top bg-gray-6 mr-5\"></i> Jardim da Penha, Vit\u00f3ria/ES</span><p class=\"fs-16 lineheigth-16 fw-bold m-0 mt-10 p-10 \">R$ 300,00 a R$ 500,00</p></a></div> </div>   <div class=\"feed-post image_feed\" data-page=\"22\" data-time=\"20260820163406\" data-likes=\"0\" data-type=\"image\" data-id=\"152937\"><div><a href=\"https://www.ilhadoprazer.com.br/acompanhante/jess-sousa-914024?source=feed\" title=\"Jess Sousa, Vit\u00f3ria ES - Toda naturalzinha\" class=\"header-area d-flex w-100 flex-direction-row gap-10 p-8\"><div class=\"photo-profile position-relative\"><img src=\"https://static.ilhadoprazer.com.br/acompanhantes/jess-sousa-914024/acompanhante-jess-sousa-capa_vertical_9140_00003.jpg\" alt=\"Jess Sousa, Vit\u00f3ria ES - Toda naturalzinha\" loading=\"lazy\"></div><div class=\"details-profile w-100 d-flex flex-direction-column gap-6\"><div class=\"name-time d-flex flex-direction-row justify-content-space-between\"><p class=\"fs-normal fs-20 fw-lighbold lineheigth-24 gray-3 p-0 m-0 text-white text-ellipsis\"> Jess Sousa</p><p class=\"fs-normal fs-14 fw-normal lineheigth-24 gray-3 p-0 m-0 text-white\">H\u00e1 12 dias</p></div><span class=\"d-block pl-10 pr-10 pt-3 pb-3 fs-10 fw-bold gold\">Acompanhante Ouro</span><p class=\"fs-18 fs-normal fw-semibold lineheigth-24 gray-5 m-0 p-0 text-white\">Vit\u00f3ria/ES</p><p class=\"fs-18 fs-normal fw-semibold lineheigth-24 gray-5 m-0 p-0 text-white\">Toda naturalzinha</p></div></a></div><script type=\"application/ld+json\">{\"@context\": \"https://schema.org\",\"@type\": \"ImageObject\",\"name\": \"Toda naturalzinha Acompanhante Jess Sousa\",\"description\": \"Foto de Jess Sousa,Toda naturalzinha,em Vit\u00f3ria ES\",\"contentUrl\": \"https://static.ilhadoprazer.com.br/acompanhantes/jess-sousa-914024/feed-acompanhante-jess-sousa-2026-08-20-152937.dng\",\"uploadDate\": \"2026-08-20T16:34:06-03:00\",\"regionsAllowed\": \"BR\",\"inLanguage\": \"pt-BR\",\"publisher\":{\"@type\": \"Organization\",\"@id\": \"https://www.ilhadoprazer.com.br/#organization\",\"name\": \"Ilha do Prazer\",\"logo\":{\"@type\": \"ImageObject\",\"url\": \"https://static.ilhadoprazer.com.br/assets/logo.svg\",\"width\": 178,\"height\": 64}}}</script><div class=\"image-post mt-5\"><img src=\"https://static.ilhadoprazer.com.br/acompanhantes/jess-sousa-914024/feed-acompanhante-jess-sousa-2026-08-20-152937.dng\" alt=\"Jess Sousa, Vit\u00f3ria ES - Toda naturalzinha - Toda naturalzinha \" class=\"image-cover \" loading=\"lazy\" /></div><div><div class=\"social-area w-100 h-auto d-flex flex-direction-column gap-8\"><div class=\"action-area w-100\"><div class=\"top row flex-direction-row justify-content-space-around\"><a href=\"https://www.ilhadoprazer.com.br/acompanhante/jess-sousa-914024?source=feed\" title=\"Veja o perfil de Jess Sousa\" class=\"btn-action d-flex flex-direction-row gap-8 align-items-center\"><i class=\"svg my-profile-icon\"></i><p class=\"mini-text1 gray-2 text-white fs-14\">Meu Perfil</p></a><a class=\"btn-action d-flex flex-direction-row gap-8 align-items-center\" href=\"https://www.ilhadoprazer.com.br/acompanhante/jess-sousa-914024?source=feed\" title=\"Fale com Jess Sousa no Whatsapp\"><i class=\"svg whatsapp-icon\"></i><span class=\"mini-text1 gray-2 text-white fs-14\">Whatsapp</span></a><a href=\"https://www.ilhadoprazer.com.br/acompanhante/jess-sousa-914024?area=feeds&source=feed\" title=\"Veja mais publica\u00e7\u00f5es de Jess Sousa no Ilha do Prazer\" class=\"btn-action d-flex flex-direction-row gap-8 align-items-center\"><i class=\"svg view-more-feed-icon\"></i><p class=\"mini-text1 gray-2 text-white fs-14\">Ver Mais...</p></a></div></div></div></div><div><div class=\"social-area w-100 h-auto d-flex flex-direction-column gap-8\"><div class=\"action-area w-100\"><div class=\"top row flex-direction-row justify-content-space-around\"><a href=\"javascript:\" title=\"Curtir postagem de Jess Sousa\" data-id=\"152937\" data-acompanhante=\"9140\" onclick=\"LikeFeed(this)\" class=\"btn-action d-flex flex-direction-row gap-8 align-items-center\"><i class=\"d-inline-block like-icon\"></i><p class=\"mini-text1 gray-2 text-white fs-14\">(<span>0</span>) Curtir</p></a><a class=\"btn-action d-flex flex-direction-row gap-8 align-items-center\" href=\"javascript:\" title=\"Comentar postagem de Jess Sousa\" data-feed=\"152937\" data-acompanhante=\"9140\" data-order=\"1\" onclick=\"ReplyComment(this)\"><i class=\"svg comment-icon\"></i><span class=\"mini-text1 gray-2 text-white fs-14\" >Comentar </span></a><a class=\"btn-action d-flex flex-direction-row gap-8 align-items-center\" title=\"Compartilhar com um amigo a postagem de Jess Sousa\" data-type='compartilharfeed' data-id=\"9140\" data-id-feed=\"152937\" href=\"javascript:\" data-href=\"http://api.whatsapp.com/send?text=%2A%5BVeja%20a%20postagem%20da%20acompanhante%20JESS%20SOUSA%20na%20cidade%20Vit\u00f3ria%20no%20site%20ILHA%20DO%20PRAZER%5D%2A%0D%0D%20%0D%0A%0D%0Ahttps://www.ilhadoprazer.com.br/acompanhante/jess-sousa-914024%3Fshared=152937%26source=shared\" rel='noopener' onclick=\"Share(this);\"><i class=\"svg arrow-share-icon\"></i><p class=\"mini-text1 gray-2 text-white fs-14\">Compartilhar</p></a></div></div></div></div></div>    <div class=\"feed-post video_feed\" data-page=\"22\" data-time=\"20260820140621\" data-likes=\"3\" data-type=\"video\" data-id=\"152924\"><div><a href=\"https://www.ilhadoprazer.com.br/acompanhante/jess-sousa-914024?source=feed\" title=\"Jess Sousa, Vit\u00f3ria ES - Toda naturalzinha\" class=\"header-area d-flex w-100 flex-direction-row gap-10 p-8\"><div class=\"photo-profile position-relative\"><img src=\"https://static.ilhadoprazer.com.br/acompanhantes/jess-sousa-914024/acompanhante-jess-sousa-capa_vertical_9140_00003.jpg\" alt=\"Jess Sousa, Vit\u00f3ria ES - Toda naturalzinha\" loading=\"lazy\"></div><div class=\"details-profile w-100 d-flex flex-direction-column gap-6\"><div class=\"name-time d-flex flex-direction-row justify-content-space-between\"><p class=\"fs-normal fs-20 fw-lighbold lineheigth-24 gray-3 p-0 m-0 text-white text-ellipsis\"> Jess Sousa</p><p class=\"fs-normal fs-14 fw-normal lineheigth-24 gray-3 p-0 m-0 text-white\">H\u00e1 12 dias</p></div><span class=\"d-block pl-10 pr-10 pt-3 pb-3 fs-10 fw-bold gold\">Acompanhante Ouro</span><p class=\"fs-18 fs-normal fw-semibold lineheigth-24 gray-5 m-0 p-0 text-white\">Vit\u00f3ria/ES</p><p class=\"fs-18 fs-normal fw-semibold lineheigth-24 gray-5 m-0 p-0 text-white\">Toda naturalzinha</p></div></a></div><a href=\"javascript:\" onclick=\"PlayVideoFeed(this, `https://static.ilhadoprazer.com.br/acompanhantes/jess-sousa-914024/feed-acompanhante-jess-sousa-2026-08-20-152924.mp4`, 0); \"class=\"d-block image-post\"><img class=\"image-cover\" src=\"https://static.ilhadoprazer.com.br/acompanhantes/jess-sousa-914024/feed-acompanhante-jess-sousa-2026-08-20-152924.jpg\" alt=\"V\u00eddeo Jess Sousa, Vit\u00f3ria ES - Toda naturalzinha - Clique para assistir\" loading=\"lazy\"><div class=\"iconvideo \"><i class=\"d-inline-block video-play-icon\"></i></div></a><div><div class=\"social-area w-100 h-auto d-flex flex-direction-column gap-8\"><div class=\"action-area w-100\"><div class=\"top row flex-direction-row justify-content-space-around\"><a href=\"https://www.ilhadoprazer.com.br/acompanhante/jess-sousa-914024?source=feed\" title=\"Veja o perfil de Jess Sousa\" class=\"btn-action d-flex flex-direction-row gap-8 align-items-center\"><i class=\"svg my-profile-icon\"></i><p class=\"mini-text1 gray-2 text-white fs-14\">Meu Perfil</p></a><a class=\"btn-action d-flex flex-direction-row gap-8 align-items-center\" href=\"https://www.ilhadoprazer.com.br/acompanhante/jess-sousa-914024?source=feed\" title=\"Fale com Jess Sousa no Whatsapp\"><i class=\"svg whatsapp-icon\"></i><span class=\"mini-text1 gray-2 text-white fs-14\">Whatsapp</span></a><a href=\"https://www.ilhadoprazer.com.br/acompanhante/jess-sousa-914024?area=feeds&source=feed\" title=\"Veja mais publica\u00e7\u00f5es de Jess Sousa no Ilha do Prazer\" class=\"btn-action d-flex flex-direction-row gap-8 align-items-center\"><i class=\"svg view-more-feed-icon\"></i><p class=\"mini-text1 gray-2 text-white fs-14\">Ver Mais...</p></a></div></div></div></div><div><div class=\"social-area w-100 h-auto d-flex flex-direction-column gap-8\"><div class=\"action-area w-100\"><div class=\"top row flex-direction-row justify-content-space-around\"><a href=\"javascript:\" title=\"Curtir postagem de Jess Sousa\" data-id=\"152924\" data-acompanhante=\"9140\" onclick=\"LikeFeed(this)\" class=\"btn-action d-flex flex-direction-row gap-8 align-items-center\"><i class=\"d-inline-block like-icon\"></i><p class=\"mini-text1 gray-2 text-white fs-14\">(<span>3</span>) Curtir</p></a><a class=\"btn-action d-flex flex-direction-row gap-8 align-items-center\" href=\"javascript:\" title=\"Comentar postagem de Jess Sousa\" data-feed=\"152924\" data-acompanhante=\"9140\" data-order=\"1\" onclick=\"ReplyComment(this)\"><i class=\"svg comment-icon\"></i><span class=\"mini-text1 gray-2 text-white fs-14\" >Comentar </span></a><a class=\"btn-action d-flex flex-direction-row gap-8 align-items-center\" title=\"Compartilhar com um amigo a postagem de Jess Sousa\" data-type='compartilharfeed' data-id=\"9140\" data-id-feed=\"152924\" href=\"javascript:\" data-href=\"http://api.whatsapp.com/send?text=%2A%5BVeja%20a%20postagem%20da%20acompanhante%20JESS%20SOUSA%20na%20cidade%20Vit\u00f3ria%20no%20site%20ILHA%20DO%20PRAZER%5D%2A%0D%0D%20%0D%0A%0D%0Ahttps://www.ilhadoprazer.com.br/acompanhante/jess-sousa-914024%3Fshared=152924%26source=shared\" rel='noopener' onclick=\"Share(this);\"><i class=\"svg arrow-share-icon\"></i><p class=\"mini-text1 gray-2 text-white fs-14\">Compartilhar</p></a></div></div></div></div></div>    <div class=\"feed-post video_feed\" data-page=\"22\" data-time=\"20260820140334\" data-likes=\"4\" data-type=\"video\" data-id=\"152923\"><div><a href=\"https://www.ilhadoprazer.com.br/acompanhante/juliana-marino-118198?source=feed\" title=\"Juliana Marino, Vit\u00f3ria ES - Namoradinha\" class=\"header-area d-flex w-100 flex-direction-row gap-10 p-8\"><div class=\"photo-profile position-relative\"><img src=\"https://static.ilhadoprazer.com.br/acompanhantes/juliana-marino-118198/acompanhante-juliana-marino-capa_vertical_11819_00006.jpg\" alt=\"Juliana Marino, Vit\u00f3ria ES - Namoradinha\" loading=\"lazy\"></div><div class=\"details-profile w-100 d-flex flex-direction-column gap-6\"><div class=\"name-time d-flex flex-direction-row justify-content-space-between\"><p class=\"fs-normal fs-20 fw-lighbold lineheigth-24 gray-3 p-0 m-0 text-white text-ellipsis\"> Juliana Marino</p><p class=\"fs-normal fs-14 fw-normal lineheigth-24 gray-3 p-0 m-0 text-white\">H\u00e1 12 dias</p></div><span class=\"d-block pl-10 pr-10 pt-3 pb-3 fs-10 fw-bold gold\">Acompanhante Ouro</span><p class=\"fs-18 fs-normal fw-semibold lineheigth-24 gray-5 m-0 p-0 text-white\">Vit\u00f3ria/ES</p><p class=\"fs-18 fs-normal fw-semibold lineheigth-24 gray-5 m-0 p-0 text-white\">Namoradinha</p></div></a></div><a href=\"javascript:\" onclick=\"PlayVideoFeed(this, `https://static.ilhadoprazer.com.br/acompanhantes/juliana-marino-118198/feed-acompanhante-juliana-marino-2026-08-20-152923.mp4`, 0); \"class=\"d-block image-post\"><img class=\"image-cover\" src=\"https://static.ilhadoprazer.com.br/acompanhantes/juliana-marino-118198/feed-acompanhante-juliana-marino-2026-08-20-152923.jpg\" alt=\"V\u00eddeo Juliana Marino, Vit\u00f3ria ES - Namoradinha - Clique para assistir\" loading=\"lazy\"><div class=\"iconvideo \"><i class=\"d-inline-block video-play-icon\"></i></div></a><div><div class=\"social-area w-100 h-auto d-flex flex-direction-column gap-8\"><div class=\"action-area w-100\"><div class=\"top row flex-direction-row justify-content-space-around\"><a href=\"https://www.ilhadoprazer.com.br/acompanhante/juliana-marino-118198?source=feed\" title=\"Veja o perfil de Juliana Marino\" class=\"btn-action d-flex flex-direction-row gap-8 align-items-center\"><i class=\"svg my-profile-icon\"></i><p class=\"mini-text1 gray-2 text-white fs-14\">Meu Perfil</p></a><a class=\"btn-action d-flex flex-direction-row gap-8 align-items-center\" href=\"https://www.ilhadoprazer.com.br/acompanhante/juliana-marino-118198?source=feed\" title=\"Fale com Juliana Marino no Whatsapp\"><i class=\"svg whatsapp-icon\"></i><span class=\"mini-text1 gray-2 text-white fs-14\">Whatsapp</span></a><a href=\"https://www.ilhadoprazer.com.br/acompanhante/juliana-marino-118198?area=feeds&source=feed\" title=\"Veja mais publica\u00e7\u00f5es de Juliana Marino no Ilha do Prazer\" class=\"btn-action d-flex flex-direction-row gap-8 align-items-center\"><i class=\"svg view-more-feed-icon\"></i><p class=\"mini-text1 gray-2 text-white fs-14\">Ver Mais...</p></a></div></div></div></div><div><div class=\"social-area w-100 h-auto d-flex flex-direction-column gap-8\"><div class=\"action-area w-100\"><div class=\"top row flex-direction-row justify-content-space-around\"><a href=\"javascript:\" title=\"Curtir postagem de Juliana Marino\" data-id=\"152923\" data-acompanhante=\"11819\" onclick=\"LikeFeed(this)\" class=\"btn-action d-flex flex-direction-row gap-8 align-items-center\"><i class=\"d-inline-block like-icon\"></i><p class=\"mini-text1 gray-2 text-white fs-14\">(<span>4</span>) Curtir</p></a><a class=\"btn-action d-flex flex-direction-row gap-8 align-items-center\" href=\"javascript:\" title=\"Comentar postagem de Juliana Marino\" data-feed=\"152923\" data-acompanhante=\"11819\" data-order=\"1\" onclick=\"ReplyComment(this)\"><i class=\"svg comment-icon\"></i><span class=\"mini-text1 gray-2 text-white fs-14\" >Comentar </span></a><a class=\"btn-action d-flex flex-direction-row gap-8 align-items-center\" title=\"Compartilhar com um amigo a postagem de Juliana Marino\" data-type='compartilharfeed' data-id=\"11819\" data-id-feed=\"152923\" href=\"javascript:\" data-href=\"http://api.whatsapp.com/send?text=%2A%5BVeja%20a%20postagem%20da%20acompanhante%20JULIANA%20MARINO%20na%20cidade%20Vit\u00f3ria%20no%20site%20ILHA%20DO%20PRAZER%5D%2A%0D%0D%20%0D%0A%0D%0Ahttps://www.ilhadoprazer.com.br/acompanhante/juliana-marino-118198%3Fshared=152923%26source=shared\" rel='noopener' onclick=\"Share(this);\"><i class=\"svg arrow-share-icon\"></i><p class=\"mini-text1 gray-2 text-white fs-14\">Compartilhar</p></a></div></div></div></div></div>    <div class=\"feed-post image_feed\" data-page=\"22\" data-time=\"20260820132905\" data-likes=\"10\" data-type=\"image\" data-id=\"152919\"><div><a href=\"https://www.ilhadoprazer.com.br/acompanhante/nicole-fox-919521?source=feed\" title=\"Nicole Fox, Vit\u00f3ria ES - Ruivinha\" class=\"header-area d-flex w-100 flex-direction-row gap-10 p-8\"><div class=\"photo-profile position-relative\"><img src=\"https://static.ilhadoprazer.com.br/acompanhantes/nicole-fox-919521/acompanhante-nicole-fox-capa_vertical_9195_00002.jpg\" alt=\"Nicole Fox, Vit\u00f3ria ES - Ruivinha\" loading=\"lazy\"></div><div class=\"details-profile w-100 d-flex flex-direction-column gap-6\"><div class=\"name-time d-flex flex-direction-row justify-content-space-between\"><p class=\"fs-normal fs-20 fw-lighbold lineheigth-24 gray-3 p-0 m-0 text-white text-ellipsis\"> Nicole Fox</p><p class=\"fs-normal fs-14 fw-normal lineheigth-24 gray-3 p-0 m-0 text-white\">H\u00e1 12 dias</p></div><span class=\"d-block pl-10 pr-10 pt-3 pb-3 fs-10 fw-bold gold\">Acompanhante Ouro</span><p class=\"fs-18 fs-normal fw-semibold lineheigth-24 gray-5 m-0 p-0 text-white\">Vit\u00f3ria/ES</p><p class=\"fs-18 fs-normal fw-semibold lineheigth-24 gray-5 m-0 p-0 text-white\">Ruivinha</p></div></a></div><script type=\"application/ld+json\">{\"@context\": \"https://schema.org\",\"@type\": \"ImageObject\",\"name\": \"Ruivinha Acompanhante Nicole Fox\",\"description\": \"Foto de Nicole Fox,Ruivinha,em Vit\u00f3ria ES\",\"contentUrl\": \"https://static.ilhadoprazer.com.br/acompanhantes/nicole-fox-919521/feed-acompanhante-nicole-fox-2026-08-20-152919.jpeg\",\"uploadDate\": \"2026-08-20T13:29:05-03:00\",\"regionsAllowed\": \"BR\",\"inLanguage\": \"pt-BR\",\"publisher\":{\"@type\": \"Organization\",\"@id\": \"https://www.ilhadoprazer.com.br/#organization\",\"name\": \"Ilha do Prazer\",\"logo\":{\"@type\": \"ImageObject\",\"url\": \"https://static.ilhadoprazer.com.br/assets/logo.svg\",\"width\": 178,\"height\": 64}}}</script><div class=\"image-post mt-5\"><img src=\"https://static.ilhadoprazer.com.br/acompanhantes/nicole-fox-919521/feed-acompanhante-nicole-fox-2026-08-20-152919.jpeg\" alt=\"Nicole Fox, Vit\u00f3ria ES - Ruivinha - Ruivinha \" class=\"image-cover \" loading=\"lazy\" /></div><div><div class=\"social-area w-100 h-auto d-flex flex-direction-column gap-8\"><div class=\"action-area w-100\"><div class=\"top row flex-direction-row justify-content-space-around\"><a href=\"https://www.ilhadoprazer.com.br/acompanhante/nicole-fox-919521?source=feed\" title=\"Veja o perfil de Nicole Fox\" class=\"btn-action d-flex flex-direction-row gap-8 align-items-center\"><i class=\"svg my-profile-icon\"></i><p class=\"mini-text1 gray-2 text-white fs-14\">Meu Perfil</p></a><a class=\"btn-action d-flex flex-direction-row gap-8 align-items-center\" href=\"https://www.ilhadoprazer.com.br/acompanhante/nicole-fox-919521?source=feed\" title=\"Fale com Nicole Fox no Whatsapp\"><i class=\"svg whatsapp-icon\"></i><span class=\"mini-text1 gray-2 text-white fs-14\">Whatsapp</span></a><a href=\"https://www.ilhadoprazer.com.br/acompanhante/nicole-fox-919521?area=feeds&source=feed\" title=\"Veja mais publica\u00e7\u00f5es de Nicole Fox no Ilha do Prazer\" class=\"btn-action d-flex flex-direction-row gap-8 align-items-center\"><i class=\"svg view-more-feed-icon\"></i><p class=\"mini-text1 gray-2 text-white fs-14\">Ver Mais...</p></a></div></div></div></div><div><div class=\"social-area w-100 h-auto d-flex flex-direction-column gap-8\"><div class=\"action-area w-100\"><div class=\"top row flex-direction-row justify-content-space-around\"><a href=\"javascript:\" title=\"Curtir postagem de Nicole Fox\" data-id=\"152919\" data-acompanhante=\"9195\" onclick=\"LikeFeed(this)\" class=\"btn-action d-flex flex-direction-row gap-8 align-items-center\"><i class=\"d-inline-block like-icon\"></i><p class=\"mini-text1 gray-2 text-white fs-14\">(<span>10</span>) Curtir</p></a><a class=\"btn-action d-flex flex-direction-row gap-8 align-items-center\" href=\"javascript:\" title=\"Comentar postagem de Nicole Fox\" data-feed=\"152919\" data-acompanhante=\"9195\" data-order=\"1\" onclick=\"ReplyComment(this)\"><i class=\"svg comment-icon\"></i><span class=\"mini-text1 gray-2 text-white fs-14\" >Comentar </span></a><a class=\"btn-action d-flex flex-direction-row gap-8 align-items-center\" title=\"Compartilhar com um amigo a postagem de Nicole Fox\" data-type='compartilharfeed' data-id=\"9195\" data-id-feed=\"152919\" href=\"javascript:\" data-href=\"http://api.whatsapp.com/send?text=%2A%5BVeja%20a%20postagem%20da%20acompanhante%20NICOLE%20FOX%20na%20cidade%20Vit\u00f3ria%20no%20site%20ILHA%20DO%20PRAZER%5D%2A%0D%0D%20%0D%0A%0D%0Ahttps://www.ilhadoprazer.com.br/acompanhante/nicole-fox-919521%3Fshared=152919%26source=shared\" rel='noopener' onclick=\"Share(this);\"><i class=\"svg arrow-share-icon\"></i><p class=\"mini-text1 gray-2 text-white fs-14\">Compartilhar</p></a></div></div></div></div></div>    <div class=\"feed-post image_feed\" data-page=\"22\" data-time=\"20260820131555\" data-likes=\"72\" data-type=\"image\" data-id=\"152915\"><div><a href=\"https://www.ilhadoprazer.com.br/acompanhante/barbara-dias-1095311?source=feed\" title=\"Barbara Dias, Vit\u00f3ria ES - Acompanhante de luxo\" class=\"header-area d-flex w-100 flex-direction-row gap-10 p-8\"><div class=\"photo-profile position-relative\"><img src=\"https://static.ilhadoprazer.com.br/acompanhantes/barbara-dias-1095311/acompanhante-barbara-dias-capa_vertical_10953_00005.jpg\" alt=\"Barbara Dias, Vit\u00f3ria ES - Acompanhante de luxo\" loading=\"lazy\"></div><div class=\"details-profile w-100 d-flex flex-direction-column gap-6\"><div class=\"name-time d-flex flex-direction-row justify-content-space-between\"><p class=\"fs-normal fs-20 fw-lighbold lineheigth-24 gray-3 p-0 m-0 text-white text-ellipsis\"> Barbara Dias</p><p class=\"fs-normal fs-14 fw-normal lineheigth-24 gray-3 p-0 m-0 text-white\">H\u00e1 12 dias</p></div><span class=\"d-block pl-10 pr-10 pt-3 pb-3 fs-10 fw-semibold silver\">Acompanhante Prata</span><p class=\"fs-18 fs-normal fw-semibold lineheigth-24 gray-5 m-0 p-0 text-white\">Vit\u00f3ria/ES</p><p class=\"fs-18 fs-normal fw-semibold lineheigth-24 gray-5 m-0 p-0 text-white\">Acompanhante de luxo</p></div></a></div><script type=\"application/ld+json\">{\"@context\": \"https://schema.org\",\"@type\": \"ImageObject\",\"name\": \"Acompanhante de luxo Acompanhante Barbara Dias\",\"description\": \"Foto de Barbara Dias,Acompanhante de luxo,em Vit\u00f3ria ES\",\"contentUrl\": \"https://static.ilhadoprazer.com.br/acompanhantes/barbara-dias-1095311/feed-acompanhante-barbara-dias-2026-08-20-152915.jpeg\",\"uploadDate\": \"2026-08-20T13:15:55-03:00\",\"regionsAllowed\": \"BR\",\"inLanguage\": \"pt-BR\",\"publisher\":{\"@type\": \"Organization\",\"@id\": \"https://www.ilhadoprazer.com.br/#organization\",\"name\": \"Ilha do Prazer\",\"logo\":{\"@type\": \"ImageObject\",\"url\": \"https://static.ilhadoprazer.com.br/assets/logo.svg\",\"width\": 178,\"height\": 64}}}</script><div class=\"image-post mt-5\"><img src=\"https://static.ilhadoprazer.com.br/acompanhantes/barbara-dias-1095311/feed-acompanhante-barbara-dias-2026-08-20-152915.jpeg\" alt=\"Barbara Dias, Vit\u00f3ria ES - Acompanhante de luxo - Acompanhante de luxo \" class=\"image-cover \" loading=\"lazy\" /></div><div><div class=\"social-area w-100 h-auto d-flex flex-direction-column gap-8\"><div class=\"action-area w-100\"><div class=\"top row flex-direction-row justify-content-space-around\"><a href=\"https://www.ilhadoprazer.com.br/acompanhante/barbara-dias-1095311?source=feed\" title=\"Veja o perfil de Barbara Dias\" class=\"btn-action d-flex flex-direction-row gap-8 align-items-center\"><i class=\"svg my-profile-icon\"></i><p class=\"mini-text1 gray-2 text-white fs-14\">Meu Perfil</p></a><a class=\"btn-action d-flex flex-direction-row gap-8 align-items-center\" href=\"https://www.ilhadoprazer.com.br/acompanhante/barbara-dias-1095311?source=feed\" title=\"Fale com Barbara Dias no Whatsapp\"><i class=\"svg whatsapp-icon\"></i><span class=\"mini-text1 gray-2 text-white fs-14\">Whatsapp</span></a><a href=\"https://www.ilhadoprazer.com.br/acompanhante/barbara-dias-1095311?area=feeds&source=feed\" title=\"Veja mais publica\u00e7\u00f5es de Barbara Dias no Ilha do Prazer\" class=\"btn-action d-flex flex-direction-row gap-8 align-items-center\"><i class=\"svg view-more-feed-icon\"></i><p class=\"mini-text1 gray-2 text-white fs-14\">Ver Mais...</p></a></div></div></div></div><div><div class=\"social-area w-100 h-auto d-flex flex-direction-column gap-8\"><div class=\"action-area w-100\"><div class=\"top row flex-direction-row justify-content-space-around\"><a href=\"javascript:\" title=\"Curtir postagem de Barbara Dias\" data-id=\"152915\" data-acompanhante=\"10953\" onclick=\"LikeFeed(this)\" class=\"btn-action d-flex flex-direction-row gap-8 align-items-center\"><i class=\"d-inline-block like-icon\"></i><p class=\"mini-text1 gray-2 text-white fs-14\">(<span>72</span>) Curtir</p></a><a class=\"btn-action d-flex flex-direction-row gap-8 align-items-center\" href=\"javascript:\" title=\"Comentar postagem de Barbara Dias\" data-feed=\"152915\" data-acompanhante=\"10953\" data-order=\"1\" onclick=\"ReplyComment(this)\"><i class=\"svg comment-icon\"></i><span class=\"mini-text1 gray-2 text-white fs-14\" >Comentar </span></a><a class=\"btn-action d-flex flex-direction-row gap-8 align-items-center\" title=\"Compartilhar com um amigo a postagem de Barbara Dias\" data-type='compartilharfeed' data-id=\"10953\" data-id-feed=\"152915\" href=\"javascript:\" data-href=\"http://api.whatsapp.com/send?text=%2A%5BVeja%20a%20postagem%20da%20acompanhante%20BARBARA%20DIAS%20na%20cidade%20Vit\u00f3ria%20no%20site%20ILHA%20DO%20PRAZER%5D%2A%0D%0D%20%0D%0A%0D%0Ahttps://www.ilhadoprazer.com.br/acompanhante/barbara-dias-1095311%3Fshared=152915%26source=shared\" rel='noopener' onclick=\"Share(this);\"><i class=\"svg arrow-share-icon\"></i><p class=\"mini-text1 gray-2 text-white fs-14\">Compartilhar</p></a></div></div></div></div></div>    <div class=\"feed-post video_feed\" data-page=\"22\" data-time=\"20260820125934\" data-likes=\"2\" data-type=\"video\" data-id=\"152911\"><div><a href=\"https://www.ilhadoprazer.com.br/acompanhante/nataly-maya-127752?source=feed\" title=\"Nataly Maya, Vit\u00f3ria ES - O charme da simplicidade\" class=\"header-area d-flex w-100 flex-direction-row gap-10 p-8\"><div class=\"photo-profile position-relative\"><img src=\"https://static.ilhadoprazer.com.br/acompanhantes/nataly-maya-127752/acompanhante-nataly-maya-capa_vertical_12775_00002.jpg\" alt=\"Nataly Maya, Vit\u00f3ria ES - O charme da simplicidade\" loading=\"lazy\"></div><div class=\"details-profile w-100 d-flex flex-direction-column gap-6\"><div class=\"name-time d-flex flex-direction-row justify-content-space-between\"><p class=\"fs-normal fs-20 fw-lighbold lineheigth-24 gray-3 p-0 m-0 text-white text-ellipsis\"> Nataly Maya</p><p class=\"fs-normal fs-14 fw-normal lineheigth-24 gray-3 p-0 m-0 text-white\">H\u00e1 12 dias</p></div><span class=\"d-block pl-10 pr-10 pt-3 pb-3 fs-10 fw-bold gold\">Acompanhante Ouro</span><p class=\"fs-18 fs-normal fw-semibold lineheigth-24 gray-5 m-0 p-0 text-white\">Vit\u00f3ria/ES</p><p class=\"fs-18 fs-normal fw-semibold lineheigth-24 gray-5 m-0 p-0 text-white\"> O charme da simplicidade</p></div></a></div><a href=\"javascript:\" onclick=\"PlayVideoFeed(this, `https://static.ilhadoprazer.com.br/acompanhantes/nataly-maya-127752/feed-acompanhante-nataly-maya-2026-08-20-152911.mp4`, 0); \"class=\"d-block image-post\"><img class=\"image-cover\" src=\"https://static.ilhadoprazer.com.br/acompanhantes/nataly-maya-127752/feed-acompanhante-nataly-maya-2026-08-20-152911.jpg\" alt=\"V\u00eddeo Nataly Maya, Vit\u00f3ria ES - O charme da simplicidade - Clique para assistir\" loading=\"lazy\"><div class=\"iconvideo \"><i class=\"d-inline-block video-play-icon\"></i></div></a><div><div class=\"social-area w-100 h-auto d-flex flex-direction-column gap-8\"><div class=\"action-area w-100\"><div class=\"top row flex-direction-row justify-content-space-around\"><a href=\"https://www.ilhadoprazer.com.br/acompanhante/nataly-maya-127752?source=feed\" title=\"Veja o perfil de Nataly Maya\" class=\"btn-action d-flex flex-direction-row gap-8 align-items-center\"><i class=\"svg my-profile-icon\"></i><p class=\"mini-text1 gray-2 text-white fs-14\">Meu Perfil</p></a><a class=\"btn-action d-flex flex-direction-row gap-8 align-items-center\" href=\"https://www.ilhadoprazer.com.br/acompanhante/nataly-maya-127752?source=feed\" title=\"Fale com Nataly Maya no Whatsapp\"><i class=\"svg whatsapp-icon\"></i><span class=\"mini-text1 gray-2 text-white fs-14\">Whatsapp</span></a><a href=\"https://www.ilhadoprazer.com.br/acompanhante/nataly-maya-127752?area=feeds&source=feed\" title=\"Veja mais publica\u00e7\u00f5es de Nataly Maya no Ilha do Prazer\" class=\"btn-action d-flex flex-direction-row gap-8 align-items-center\"><i class=\"svg view-more-feed-icon\"></i><p class=\"mini-text1 gray-2 text-white fs-14\">Ver Mais...</p></a></div></div></div></div><div><div class=\"social-area w-100 h-auto d-flex flex-direction-column gap-8\"><div class=\"action-area w-100\"><div class=\"top row flex-direction-row justify-content-space-around\"><a href=\"javascript:\" title=\"Curtir postagem de Nataly Maya\" data-id=\"152911\" data-acompanhante=\"12775\" onclick=\"LikeFeed(this)\" class=\"btn-action d-flex flex-direction-row gap-8 align-items-center\"><i class=\"d-inline-block like-icon\"></i><p class=\"mini-text1 gray-2 text-white fs-14\">(<span>2</span>) Curtir</p></a><a class=\"btn-action d-flex flex-direction-row gap-8 align-items-center\" href=\"javascript:\" title=\"Comentar postagem de Nataly Maya\" data-feed=\"152911\" data-acompanhante=\"12775\" data-order=\"1\" onclick=\"ReplyComment(this)\"><i class=\"svg comment-icon\"></i><span class=\"mini-text1 gray-2 text-white fs-14\" >Comentar </span></a><a class=\"btn-action d-flex flex-direction-row gap-8 align-items-center\" title=\"Compartilhar com um amigo a postagem de Nataly Maya\" data-type='compartilharfeed' data-id=\"12775\" data-id-feed=\"152911\" href=\"javascript:\" data-href=\"http://api.whatsapp.com/send?text=%2A%5BVeja%20a%20postagem%20da%20acompanhante%20NATALY%20MAYA%20na%20cidade%20Vit\u00f3ria%20no%20site%20ILHA%20DO%20PRAZER%5D%2A%0D%0D%20%0D%0A%0D%0Ahttps://www.ilhadoprazer.com.br/acompanhante/nataly-maya-127752%3Fshared=152911%26source=shared\" rel='noopener' onclick=\"Share(this);\"><i class=\"svg arrow-share-icon\"></i><p class=\"mini-text1 gray-2 text-white fs-14\">Compartilhar</p></a></div></div></div></div></div>    <div class=\"feed-post video_feed\" data-page=\"22\" data-time=\"20260820113917\" data-likes=\"3\" data-type=\"video\" data-id=\"152908\"><div><a href=\"https://www.ilhadoprazer.com.br/acompanhante/pietra-beloni-1184523?source=feed\" title=\"Pietra Beloni, Vit\u00f3ria ES - Natural\" class=\"header-area d-flex w-100 flex-direction-row gap-10 p-8\"><div class=\"photo-profile position-relative\"><img src=\"https://static.ilhadoprazer.com.br/acompanhantes/pietra-beloni-1184523/acompanhante-pietra-beloni-capa_vertical_11845_00002.jpg\" alt=\"Pietra Beloni, Vit\u00f3ria ES - Natural\" loading=\"lazy\"></div><div class=\"details-profile w-100 d-flex flex-direction-column gap-6\"><div class=\"name-time d-flex flex-direction-row justify-content-space-between\"><p class=\"fs-normal fs-20 fw-lighbold lineheigth-24 gray-3 p-0 m-0 text-white text-ellipsis\"> Pietra Beloni</p><p class=\"fs-normal fs-14 fw-normal lineheigth-24 gray-3 p-0 m-0 text-white\">H\u00e1 12 dias</p></div><span class=\"d-block pl-10 pr-10 pt-3 pb-3 fs-10 fw-semibold silver\">Acompanhante Prata</span><p class=\"fs-18 fs-normal fw-semibold lineheigth-24 gray-5 m-0 p-0 text-white\">Vit\u00f3ria/ES</p><p class=\"fs-18 fs-normal fw-semibold lineheigth-24 gray-5 m-0 p-0 text-white\">Natural</p></div></a></div><a href=\"javascript:\" onclick=\"PlayVideoFeed(this, `https://static.ilhadoprazer.com.br/acompanhantes/pietra-beloni-1184523/feed-acompanhante-pietra-beloni-2026-08-20-152908.mp4`, 0); \"class=\"d-block image-post\"><img class=\"image-cover\" src=\"https://static.ilhadoprazer.com.br/acompanhantes/pietra-beloni-1184523/feed-acompanhante-pietra-beloni-2026-08-20-152908.jpg\" alt=\"V\u00eddeo Pietra Beloni, Vit\u00f3ria ES - Natural - Clique para assistir\" loading=\"lazy\"><div class=\"iconvideo \"><i class=\"d-inline-block video-play-icon\"></i></div></a><div><div class=\"social-area w-100 h-auto d-flex flex-direction-column gap-8\"><div class=\"action-area w-100\"><div class=\"top row flex-direction-row justify-content-space-around\"><a href=\"https://www.ilhadoprazer.com.br/acompanhante/pietra-beloni-1184523?source=feed\" title=\"Veja o perfil de Pietra Beloni\" class=\"btn-action d-flex flex-direction-row gap-8 align-items-center\"><i class=\"svg my-profile-icon\"></i><p class=\"mini-text1 gray-2 text-white fs-14\">Meu Perfil</p></a><a class=\"btn-action d-flex flex-direction-row gap-8 align-items-center\" href=\"https://www.ilhadoprazer.com.br/acompanhante/pietra-beloni-1184523?source=feed\" title=\"Fale com Pietra Beloni no Whatsapp\"><i class=\"svg whatsapp-icon\"></i><span class=\"mini-text1 gray-2 text-white fs-14\">Whatsapp</span></a><a href=\"https://www.ilhadoprazer.com.br/acompanhante/pietra-beloni-1184523?area=feeds&source=feed\" title=\"Veja mais publica\u00e7\u00f5es de Pietra Beloni no Ilha do Prazer\" class=\"btn-action d-flex flex-direction-row gap-8 align-items-center\"><i class=\"svg view-more-feed-icon\"></i><p class=\"mini-text1 gray-2 text-white fs-14\">Ver Mais...</p></a></div></div></div></div><div><div class=\"social-area w-100 h-auto d-flex flex-direction-column gap-8\"><div class=\"action-area w-100\"><div class=\"top row flex-direction-row justify-content-space-around\"><a href=\"javascript:\" title=\"Curtir postagem de Pietra Beloni\" data-id=\"152908\" data-acompanhante=\"11845\" onclick=\"LikeFeed(this)\" class=\"btn-action d-flex flex-direction-row gap-8 align-items-center\"><i class=\"d-inline-block like-icon\"></i><p class=\"mini-text1 gray-2 text-white fs-14\">(<span>3</span>) Curtir</p></a><a class=\"btn-action d-flex flex-direction-row gap-8 align-items-center\" href=\"javascript:\" title=\"Comentar postagem de Pietra Beloni\" data-feed=\"152908\" data-acompanhante=\"11845\" data-order=\"1\" onclick=\"ReplyComment(this)\"><i class=\"svg comment-icon\"></i><span class=\"mini-text1 gray-2 text-white fs-14\" >Comentar </span></a><a class=\"btn-action d-flex flex-direction-row gap-8 align-items-center\" title=\"Compartilhar com um amigo a postagem de Pietra Beloni\" data-type='compartilharfeed' data-id=\"11845\" data-id-feed=\"152908\" href=\"javascript:\" data-href=\"http://api.whatsapp.com/send?text=%2A%5BVeja%20a%20postagem%20da%20acompanhante%20PIETRA%20BELONI%20na%20cidade%20Vit\u00f3ria%20no%20site%20ILHA%20DO%20PRAZER%5D%2A%0D%0D%20%0D%0A%0D%0Ahttps://www.ilhadoprazer.com.br/acompanhante/pietra-beloni-1184523%3Fshared=152908%26source=shared\" rel='noopener' onclick=\"Share(this);\"><i class=\"svg arrow-share-icon\"></i><p class=\"mini-text1 gray-2 text-white fs-14\">Compartilhar</p></a></div></div></div></div></div>    <div class=\"feed-post video_feed\" data-page=\"22\" data-time=\"20260820113847\" data-likes=\"7\" data-type=\"video\" data-id=\"152907\"><div><a href=\"https://www.ilhadoprazer.com.br/acompanhante/pietra-beloni-1184523?source=feed\" title=\"Pietra Beloni, Vit\u00f3ria ES - Natural\" class=\"header-area d-flex w-100 flex-direction-row gap-10 p-8\"><div class=\"photo-profile position-relative\"><img src=\"https://static.ilhadoprazer.com.br/acompanhantes/pietra-beloni-1184523/acompanhante-pietra-beloni-capa_vertical_11845_00002.jpg\" alt=\"Pietra Beloni, Vit\u00f3ria ES - Natural\" loading=\"lazy\"></div><div class=\"details-profile w-100 d-flex flex-direction-column gap-6\"><div class=\"name-time d-flex flex-direction-row justify-content-space-between\"><p class=\"fs-normal fs-20 fw-lighbold lineheigth-24 gray-3 p-0 m-0 text-white text-ellipsis\"> Pietra Beloni</p><p class=\"fs-normal fs-14 fw-normal lineheigth-24 gray-3 p-0 m-0 text-white\">H\u00e1 12 dias</p></div><span class=\"d-block pl-10 pr-10 pt-3 pb-3 fs-10 fw-semibold silver\">Acompanhante Prata</span><p class=\"fs-18 fs-normal fw-semibold lineheigth-24 gray-5 m-0 p-0 text-white\">Vit\u00f3ria/ES</p><p class=\"fs-18 fs-normal fw-semibold lineheigth-24 gray-5 m-0 p-0 text-white\">Natural</p></div></a></div><a href=\"javascript:\" onclick=\"PlayVideoFeed(this, `https://static.ilhadoprazer.com.br/acompanhantes/pietra-beloni-1184523/feed-acompanhante-pietra-beloni-2026-08-20-152907.mp4`, 0); \"class=\"d-block image-post\"><img class=\"image-cover\" src=\"https://static.ilhadoprazer.com.br/acompanhantes/pietra-beloni-1184523/feed-acompanhante-pietra-beloni-2026-08-20-152907.jpg\" alt=\"V\u00eddeo Pietra Beloni, Vit\u00f3ria ES - Natural - Clique para assistir\" loading=\"lazy\"><div class=\"iconvideo \"><i class=\"d-inline-block video-play-icon\"></i></div></a><div><div class=\"social-area w-100 h-auto d-flex flex-direction-column gap-8\"><div class=\"action-area w-100\"><div class=\"top row flex-direction-row justify-content-space-around\"><a href=\"https://www.ilhadoprazer.com.br/acompanhante/pietra-beloni-1184523?source=feed\" title=\"Veja o perfil de Pietra Beloni\" class=\"btn-action d-flex flex-direction-row gap-8 align-items-center\"><i class=\"svg my-profile-icon\"></i><p class=\"mini-text1 gray-2 text-white fs-14\">Meu Perfil</p></a><a class=\"btn-action d-flex flex-direction-row gap-8 align-items-center\" href=\"https://www.ilhadoprazer.com.br/acompanhante/pietra-beloni-1184523?source=feed\" title=\"Fale com Pietra Beloni no Whatsapp\"><i class=\"svg whatsapp-icon\"></i><span class=\"mini-text1 gray-2 text-white fs-14\">Whatsapp</span></a><a href=\"https://www.ilhadoprazer.com.br/acompanhante/pietra-beloni-1184523?area=feeds&source=feed\" title=\"Veja mais publica\u00e7\u00f5es de Pietra Beloni no Ilha do Prazer\" class=\"btn-action d-flex flex-direction-row gap-8 align-items-center\"><i class=\"svg view-more-feed-icon\"></i><p class=\"mini-text1 gray-2 text-white fs-14\">Ver Mais...</p></a></div></div></div></div><div><div class=\"social-area w-100 h-auto d-flex flex-direction-column gap-8\"><div class=\"action-area w-100\"><div class=\"top row flex-direction-row justify-content-space-around\"><a href=\"javascript:\" title=\"Curtir postagem de Pietra Beloni\" data-id=\"152907\" data-acompanhante=\"11845\" onclick=\"LikeFeed(this)\" class=\"btn-action d-flex flex-direction-row gap-8 align-items-center\"><i class=\"d-inline-block like-icon\"></i><p class=\"mini-text1 gray-2 text-white fs-14\">(<span>7</span>) Curtir</p></a><a class=\"btn-action d-flex flex-direction-row gap-8 align-items-center\" href=\"javascript:\" title=\"Comentar postagem de Pietra Beloni\" data-feed=\"152907\" data-acompanhante=\"11845\" data-order=\"1\" onclick=\"ReplyComment(this)\"><i class=\"svg comment-icon\"></i><span class=\"mini-text1 gray-2 text-white fs-14\" >Comentar </span></a><a class=\"btn-action d-flex flex-direction-row gap-8 align-items-center\" title=\"Compartilhar com um amigo a postagem de Pietra Beloni\" data-type='compartilharfeed' data-id=\"11845\" data-id-feed=\"152907\" href=\"javascript:\" data-href=\"http://api.whatsapp.com/send?text=%2A%5BVeja%20a%20postagem%20da%20acompanhante%20PIETRA%20BELONI%20na%20cidade%20Vit\u00f3ria%20no%20site%20ILHA%20DO%20PRAZER%5D%2A%0D%0D%20%0D%0A%0D%0Ahttps://www.ilhadoprazer.com.br/acompanhante/pietra-beloni-1184523%3Fshared=152907%26source=shared\" rel='noopener' onclick=\"Share(this);\"><i class=\"svg arrow-share-icon\"></i><p class=\"mini-text1 gray-2 text-white fs-14\">Compartilhar</p></a></div></div></div></div></div>    <div class=\"feed-post image_feed\" data-page=\"22\" data-time=\"20260820113504\" data-likes=\"70\" data-type=\"image\" data-id=\"152905\"><div><a href=\"https://www.ilhadoprazer.com.br/acompanhante/marcela-marques-356630?source=feed\" title=\"Marcela Marques, Vit\u00f3ria ES - Acompanhante de luxo pra homens exigentes\" class=\"header-area d-flex w-100 flex-direction-row gap-10 p-8\"><div class=\"photo-profile position-relative\"><img src=\"https://static.ilhadoprazer.com.br/acompanhantes/marcela-marques-356630/acompanhante-marcela-marques-capa_vertical_3566_00003.jpg\" alt=\"Marcela Marques, Vit\u00f3ria ES - Acompanhante de luxo pra homens exigentes\" loading=\"lazy\"></div><div class=\"details-profile w-100 d-flex flex-direction-column gap-6\"><div class=\"name-time d-flex flex-direction-row justify-content-space-between\"><p class=\"fs-normal fs-20 fw-lighbold lineheigth-24 gray-3 p-0 m-0 text-white text-ellipsis\"> Marcela Marques</p><p class=\"fs-normal fs-14 fw-normal lineheigth-24 gray-3 p-0 m-0 text-white\">H\u00e1 12 dias</p></div><span class=\"d-block pl-10 pr-10 pt-3 pb-3 fs-10 fw-semibold silver\">Acompanhante Prata</span><p class=\"fs-18 fs-normal fw-semibold lineheigth-24 gray-5 m-0 p-0 text-white\">Vit\u00f3ria/ES</p><p class=\"fs-18 fs-normal fw-semibold lineheigth-24 gray-5 m-0 p-0 text-white\">Acompanhante de luxo pra homens exigentes</p></div></a></div><script type=\"application/ld+json\">{\"@context\": \"https://schema.org\",\"@type\": \"ImageObject\",\"name\": \"Acompanhante de luxo pra homens exigentes Acompanhante Marcela Marques\",\"description\": \"Foto de Marcela Marques,Acompanhante de luxo pra homens exigentes,em Vit\u00f3ria ES\",\"contentUrl\": \"https://static.ilhadoprazer.com.br/acompanhantes/marcela-marques-356630/feed-acompanhante-marcela-marques-2026-08-20-152905.jpg\",\"uploadDate\": \"2026-08-20T11:35:04-03:00\",\"regionsAllowed\": \"BR\",\"inLanguage\": \"pt-BR\",\"publisher\":{\"@type\": \"Organization\",\"@id\": \"https://www.ilhadoprazer.com.br/#organization\",\"name\": \"Ilha do Prazer\",\"logo\":{\"@type\": \"ImageObject\",\"url\": \"https://static.ilhadoprazer.com.br/assets/logo.svg\",\"width\": 178,\"height\": 64}}}</script><div class=\"image-post mt-5\"><img src=\"https://static.ilhadoprazer.com.br/acompanhantes/marcela-marques-356630/feed-acompanhante-marcela-marques-2026-08-20-152905.jpg\" alt=\"Marcela Marques, Vit\u00f3ria ES - Acompanhante de luxo pra homens exigentes - Acompanhante de luxo pra homens exigentes \" class=\"image-cover \" loading=\"lazy\" /></div><div><div class=\"social-area w-100 h-auto d-flex flex-direction-column gap-8\"><div class=\"action-area w-100\"><div class=\"top row flex-direction-row justify-content-space-around\"><a href=\"https://www.ilhadoprazer.com.br/acompanhante/marcela-marques-356630?source=feed\" title=\"Veja o perfil de Marcela Marques\" class=\"btn-action d-flex flex-direction-row gap-8 align-items-center\"><i class=\"svg my-profile-icon\"></i><p class=\"mini-text1 gray-2 text-white fs-14\">Meu Perfil</p></a><a class=\"btn-action d-flex flex-direction-row gap-8 align-items-center\" href=\"https://www.ilhadoprazer.com.br/acompanhante/marcela-marques-356630?source=feed\" title=\"Fale com Marcela Marques no Whatsapp\"><i class=\"svg whatsapp-icon\"></i><span class=\"mini-text1 gray-2 text-white fs-14\">Whatsapp</span></a><a href=\"https://www.ilhadoprazer.com.br/acompanhante/marcela-marques-356630?area=feeds&source=feed\" title=\"Veja mais publica\u00e7\u00f5es de Marcela Marques no Ilha do Prazer\" class=\"btn-action d-flex flex-direction-row gap-8 align-items-center\"><i class=\"svg view-more-feed-icon\"></i><p class=\"mini-text1 gray-2 text-white fs-14\">Ver Mais...</p></a></div></div></div></div><div><div class=\"social-area w-100 h-auto d-flex flex-direction-column gap-8\"><div class=\"action-area w-100\"><div class=\"top row flex-direction-row justify-content-space-around\"><a href=\"javascript:\" title=\"Curtir postagem de Marcela Marques\" data-id=\"152905\" data-acompanhante=\"3566\" onclick=\"LikeFeed(this)\" class=\"btn-action d-flex flex-direction-row gap-8 align-items-center\"><i class=\"d-inline-block like-icon\"></i><p class=\"mini-text1 gray-2 text-white fs-14\">(<span>70</span>) Curtir</p></a><a class=\"btn-action d-flex flex-direction-row gap-8 align-items-center\" href=\"javascript:\" title=\"Comentar postagem de Marcela Marques\" data-feed=\"152905\" data-acompanhante=\"3566\" data-order=\"2\" onclick=\"ReplyComment(this)\"><i class=\"svg comment-icon\"></i><span class=\"mini-text1 gray-2 text-white fs-14\" >Comentar </span></a><a class=\"btn-action d-flex flex-direction-row gap-8 align-items-center\" title=\"Compartilhar com um amigo a postagem de Marcela Marques\" data-type='compartilharfeed' data-id=\"3566\" data-id-feed=\"152905\" href=\"javascript:\" data-href=\"http://api.whatsapp.com/send?text=%2A%5BVeja%20a%20postagem%20da%20acompanhante%20MARCELA%20MARQUES%20na%20cidade%20Vit\u00f3ria%20no%20site%20ILHA%20DO%20PRAZER%5D%2A%0D%0D%20%0D%0A%0D%0Ahttps://www.ilhadoprazer.com.br/acompanhante/marcela-marques-356630%3Fshared=152905%26source=shared\" rel='noopener' onclick=\"Share(this);\"><i class=\"svg arrow-share-icon\"></i><p class=\"mini-text1 gray-2 text-white fs-14\">Compartilhar</p></a></div></div><div id=\"comment-area-152905\" class=\"comment-area\"><div data-time=\"20260820115717\" data-likes=\"0\"><div class=\"comment-card d-flex flex-direction-column pt-6 pb-6 gap-6 m-8 mb-16\" ><div class=\"name-time d-flex flex-direction-row justify-content-space-between\"><p class=\"fs-18 fs-normal fw-semibold lineheigth-24 gray-5 m-0 p-0 text-white user-verified\">Ded\u00e9 </p><p class=\"mini-text1 gray-5 m-0 p-0 text-white\">H\u00e1 12 dias</p></div><div class=\"content\"><p class=\"fs-20 fs-normal fw-semibold lineheigth-24 gray-3 m-0 p-0 text-white\">Este traje preto tamb\u00e9m combina com voc\u00ea. Ali\u00e1s, voc\u00ea tem um corpo que combina com tudo. Delicia de mulher.</p></div><div class=\"like-answer d-flex flex-direction-row gap-16\"><a href=\"javascript:\" data-id=\"144426\" data-acompanhante=\"3566\" onclick=\"LikeComment(this)\" class=\"like d-flex flex-direction-row align-items-center gap-6\"><i class=\"d-inline-block like-icon\"></i><p class=\"fs-18 fs-normal fw-semibold lineheigth-24 gray-5 m-0 p-0 text-white fs-14\"><span>0</span></p></a><a href=\"javascript:\" data-id=\"144426\" data-feed='152905' data-acompanhante=\"3566\" data-order=\"1\" onclick=\"ReplyComment(this)\" class=\"answer d-flex flex-direction-row align-items-center gap-6\"><i class=\"d-inline-block reply-icon\"></i><p class=\"fs-18 fs-normal fw-semibold lineheigth-24 gray-5 m-0 p-0 text-white fs-14\">Responder</p></a></div></div></div></div></div></div></div>    <div class=\"feed-post video_feed\" data-page=\"22\" data-time=\"20260820111053\" data-likes=\"3\" data-type=\"video\" data-id=\"152904\"><div><a href=\"https://www.ilhadoprazer.com.br/acompanhante/yara-mendes-673210?source=feed\" title=\"Yara Mendes, Vit\u00f3ria ES - Sua melhor escolha para hoje\" class=\"header-area d-flex w-100 flex-direction-row gap-10 p-8\"><div class=\"photo-profile position-relative\"><img src=\"https://static.ilhadoprazer.com.br/acompanhantes/yara-mendes-673210/acompanhante-yara-mendes-capa_vertical_6732_00012.jpg\" alt=\"Yara Mendes, Vit\u00f3ria ES - Sua melhor escolha para hoje\" loading=\"lazy\"></div><div class=\"details-profile w-100 d-flex flex-direction-column gap-6\"><div class=\"name-time d-flex flex-direction-row justify-content-space-between\"><p class=\"fs-normal fs-20 fw-lighbold lineheigth-24 gray-3 p-0 m-0 text-white text-ellipsis\"> Yara Mendes</p><p class=\"fs-normal fs-14 fw-normal lineheigth-24 gray-3 p-0 m-0 text-white\">H\u00e1 12 dias</p></div><span class=\"d-block pl-10 pr-10 pt-3 pb-3 fs-10 fw-bold gold\">Acompanhante Ouro</span><p class=\"fs-18 fs-normal fw-semibold lineheigth-24 gray-5 m-0 p-0 text-white\">Vit\u00f3ria/ES</p><p class=\"fs-18 fs-normal fw-semibold lineheigth-24 gray-5 m-0 p-0 text-white\">Sua melhor escolha para hoje</p></div></a></div><a href=\"javascript:\" onclick=\"PlayVideoFeed(this, `https://static.ilhadoprazer.com.br/acompanhantes/yara-mendes-673210/feed-acompanhante-yara-mendes-2026-08-20-152904.mp4`, 0); \"class=\"d-block image-post\"><img class=\"image-cover\" src=\"https://static.ilhadoprazer.com.br/acompanhantes/yara-mendes-673210/feed-acompanhante-yara-mendes-2026-08-20-152904.jpg\" alt=\"V\u00eddeo Yara Mendes, Vit\u00f3ria ES - Sua melhor escolha para hoje - Clique para assistir\" loading=\"lazy\"><div class=\"iconvideo \"><i class=\"d-inline-block video-play-icon\"></i></div></a><div><div class=\"social-area w-100 h-auto d-flex flex-direction-column gap-8\"><div class=\"action-area w-100\"><div class=\"top row flex-direction-row justify-content-space-around\"><a href=\"https://www.ilhadoprazer.com.br/acompanhante/yara-mendes-673210?source=feed\" title=\"Veja o perfil de Yara Mendes\" class=\"btn-action d-flex flex-direction-row gap-8 align-items-center\"><i class=\"svg my-profile-icon\"></i><p class=\"mini-text1 gray-2 text-white fs-14\">Meu Perfil</p></a><a class=\"btn-action d-flex flex-direction-row gap-8 align-items-center\" href=\"https://www.ilhadoprazer.com.br/acompanhante/yara-mendes-673210?source=feed\" title=\"Fale com Yara Mendes no Whatsapp\"><i class=\"svg whatsapp-icon\"></i><span class=\"mini-text1 gray-2 text-white fs-14\">Whatsapp</span></a><a href=\"https://www.ilhadoprazer.com.br/acompanhante/yara-mendes-673210?area=feeds&source=feed\" title=\"Veja mais publica\u00e7\u00f5es de Yara Mendes no Ilha do Prazer\" class=\"btn-action d-flex flex-direction-row gap-8 align-items-center\"><i class=\"svg view-more-feed-icon\"></i><p class=\"mini-text1 gray-2 text-white fs-14\">Ver Mais...</p></a></div></div></div></div><div><div class=\"social-area w-100 h-auto d-flex flex-direction-column gap-8\"><div class=\"action-area w-100\"><div class=\"top row flex-direction-row justify-content-space-around\"><a href=\"javascript:\" title=\"Curtir postagem de Yara Mendes\" data-id=\"152904\" data-acompanhante=\"6732\" onclick=\"LikeFeed(this)\" class=\"btn-action d-flex flex-direction-row gap-8 align-items-center\"><i class=\"d-inline-block like-icon\"></i><p class=\"mini-text1 gray-2 text-white fs-14\">(<span>3</span>) Curtir</p></a><a class=\"btn-action d-flex flex-direction-row gap-8 align-items-center\" href=\"javascript:\" title=\"Comentar postagem de Yara Mendes\" data-feed=\"152904\" data-acompanhante=\"6732\" data-order=\"1\" onclick=\"ReplyComment(this)\"><i class=\"svg comment-icon\"></i><span class=\"mini-text1 gray-2 text-white fs-14\" >Comentar </span></a><a class=\"btn-action d-flex flex-direction-row gap-8 align-items-center\" title=\"Compartilhar com um amigo a postagem de Yara Mendes\" data-type='compartilharfeed' data-id=\"6732\" data-id-feed=\"152904\" href=\"javascript:\" data-href=\"http://api.whatsapp.com/send?text=%2A%5BVeja%20a%20postagem%20da%20acompanhante%20YARA%20MENDES%20na%20cidade%20Vit\u00f3ria%20no%20site%20ILHA%20DO%20PRAZER%5D%2A%0D%0D%20%0D%0A%0D%0Ahttps://www.ilhadoprazer.com.br/acompanhante/yara-mendes-673210%3Fshared=152904%26source=shared\" rel='noopener' onclick=\"Share(this);\"><i class=\"svg arrow-share-icon\"></i><p class=\"mini-text1 gray-2 text-white fs-14\">Compartilhar</p></a></div></div></div></div></div>    <div class=\"feed-post image_feed\" data-page=\"22\" data-time=\"20260820111002\" data-likes=\"0\" data-type=\"image\" data-id=\"152903\"><div><a href=\"https://www.ilhadoprazer.com.br/acompanhante/yara-mendes-673210?source=feed\" title=\"Yara Mendes, Vit\u00f3ria ES - Sua melhor escolha para hoje\" class=\"header-area d-flex w-100 flex-direction-row gap-10 p-8\"><div class=\"photo-profile position-relative\"><img src=\"https://static.ilhadoprazer.com.br/acompanhantes/yara-mendes-673210/acompanhante-yara-mendes-capa_vertical_6732_00012.jpg\" alt=\"Yara Mendes, Vit\u00f3ria ES - Sua melhor escolha para hoje\" loading=\"lazy\"></div><div class=\"details-profile w-100 d-flex flex-direction-column gap-6\"><div class=\"name-time d-flex flex-direction-row justify-content-space-between\"><p class=\"fs-normal fs-20 fw-lighbold lineheigth-24 gray-3 p-0 m-0 text-white text-ellipsis\"> Yara Mendes</p><p class=\"fs-normal fs-14 fw-normal lineheigth-24 gray-3 p-0 m-0 text-white\">H\u00e1 12 dias</p></div><span class=\"d-block pl-10 pr-10 pt-3 pb-3 fs-10 fw-bold gold\">Acompanhante Ouro</span><p class=\"fs-18 fs-normal fw-semibold lineheigth-24 gray-5 m-0 p-0 text-white\">Vit\u00f3ria/ES</p><p class=\"fs-18 fs-normal fw-semibold lineheigth-24 gray-5 m-0 p-0 text-white\">Sua melhor escolha para hoje</p></div></a></div><script type=\"application/ld+json\">{\"@context\": \"https://schema.org\",\"@type\": \"ImageObject\",\"name\": \"Sua melhor escolha para hoje Acompanhante Yara Mendes\",\"description\": \"Foto de Yara Mendes,Sua melhor escolha para hoje,em Vit\u00f3ria ES\",\"contentUrl\": \"https://static.ilhadoprazer.com.br/acompanhantes/yara-mendes-673210/feed-acompanhante-yara-mendes-2026-08-20-152903.jpeg\",\"uploadDate\": \"2026-08-20T11:10:02-03:00\",\"regionsAllowed\": \"BR\",\"inLanguage\": \"pt-BR\",\"publisher\":{\"@type\": \"Organization\",\"@id\": \"https://www.ilhadoprazer.com.br/#organization\",\"name\": \"Ilha do Prazer\",\"logo\":{\"@type\": \"ImageObject\",\"url\": \"https://static.ilhadoprazer.com.br/assets/logo.svg\",\"width\": 178,\"height\": 64}}}</script><div class=\"image-post mt-5\"><img src=\"https://static.ilhadoprazer.com.br/acompanhantes/yara-mendes-673210/feed-acompanhante-yara-mendes-2026-08-20-152903.jpeg\" alt=\"Yara Mendes, Vit\u00f3ria ES - Sua melhor escolha para hoje - Sua melhor escolha para hoje \" class=\"image-cover \" loading=\"lazy\" /></div><div><div class=\"social-area w-100 h-auto d-flex flex-direction-column gap-8\"><div class=\"action-area w-100\"><div class=\"top row flex-direction-row justify-content-space-around\"><a href=\"https://www.ilhadoprazer.com.br/acompanhante/yara-mendes-673210?source=feed\" title=\"Veja o perfil de Yara Mendes\" class=\"btn-action d-flex flex-direction-row gap-8 align-items-center\"><i class=\"svg my-profile-icon\"></i><p class=\"mini-text1 gray-2 text-white fs-14\">Meu Perfil</p></a><a class=\"btn-action d-flex flex-direction-row gap-8 align-items-center\" href=\"https://www.ilhadoprazer.com.br/acompanhante/yara-mendes-673210?source=feed\" title=\"Fale com Yara Mendes no Whatsapp\"><i class=\"svg whatsapp-icon\"></i><span class=\"mini-text1 gray-2 text-white fs-14\">Whatsapp</span></a><a href=\"https://www.ilhadoprazer.com.br/acompanhante/yara-mendes-673210?area=feeds&source=feed\" title=\"Veja mais publica\u00e7\u00f5es de Yara Mendes no Ilha do Prazer\" class=\"btn-action d-flex flex-direction-row gap-8 align-items-center\"><i class=\"svg view-more-feed-icon\"></i><p class=\"mini-text1 gray-2 text-white fs-14\">Ver Mais...</p></a></div></div></div></div><div><div class=\"social-area w-100 h-auto d-flex flex-direction-column gap-8\"><div class=\"action-area w-100\"><div class=\"top row flex-direction-row justify-content-space-around\"><a href=\"javascript:\" title=\"Curtir postagem de Yara Mendes\" data-id=\"152903\" data-acompanhante=\"6732\" onclick=\"LikeFeed(this)\" class=\"btn-action d-flex flex-direction-row gap-8 align-items-center\"><i class=\"d-inline-block like-icon\"></i><p class=\"mini-text1 gray-2 text-white fs-14\">(<span>0</span>) Curtir</p></a><a class=\"btn-action d-flex flex-direction-row gap-8 align-items-center\" href=\"javascript:\" title=\"Comentar postagem de Yara Mendes\" data-feed=\"152903\" data-acompanhante=\"6732\" data-order=\"1\" onclick=\"ReplyComment(this)\"><i class=\"svg comment-icon\"></i><span class=\"mini-text1 gray-2 text-white fs-14\" >Comentar </span></a><a class=\"btn-action d-flex flex-direction-row gap-8 align-items-center\" title=\"Compartilhar com um amigo a postagem de Yara Mendes\" data-type='compartilharfeed' data-id=\"6732\" data-id-feed=\"152903\" href=\"javascript:\" data-href=\"http://api.whatsapp.com/send?text=%2A%5BVeja%20a%20postagem%20da%20acompanhante%20YARA%20MENDES%20na%20cidade%20Vit\u00f3ria%20no%20site%20ILHA%20DO%20PRAZER%5D%2A%0D%0D%20%0D%0A%0D%0Ahttps://www.ilhadoprazer.com.br/acompanhante/yara-mendes-673210%3Fshared=152903%26source=shared\" rel='noopener' onclick=\"Share(this);\"><i class=\"svg arrow-share-icon\"></i><p class=\"mini-text1 gray-2 text-white fs-14\">Compartilhar</p></a></div></div></div></div></div>    <div class=\"feed-post image_feed\" data-page=\"22\" data-time=\"20260820110503\" data-likes=\"1\" data-type=\"image\" data-id=\"152902\"><div><a href=\"https://www.ilhadoprazer.com.br/acompanhante/yara-mendes-673210?source=feed\" title=\"Yara Mendes, Vit\u00f3ria ES - Sua melhor escolha para hoje\" class=\"header-area d-flex w-100 flex-direction-row gap-10 p-8\"><div class=\"photo-profile position-relative\"><img src=\"https://static.ilhadoprazer.com.br/acompanhantes/yara-mendes-673210/acompanhante-yara-mendes-capa_vertical_6732_00012.jpg\" alt=\"Yara Mendes, Vit\u00f3ria ES - Sua melhor escolha para hoje\" loading=\"lazy\"></div><div class=\"details-profile w-100 d-flex flex-direction-column gap-6\"><div class=\"name-time d-flex flex-direction-row justify-content-space-between\"><p class=\"fs-normal fs-20 fw-lighbold lineheigth-24 gray-3 p-0 m-0 text-white text-ellipsis\"> Yara Mendes</p><p class=\"fs-normal fs-14 fw-normal lineheigth-24 gray-3 p-0 m-0 text-white\">H\u00e1 12 dias</p></div><span class=\"d-block pl-10 pr-10 pt-3 pb-3 fs-10 fw-bold gold\">Acompanhante Ouro</span><p class=\"fs-18 fs-normal fw-semibold lineheigth-24 gray-5 m-0 p-0 text-white\">Vit\u00f3ria/ES</p><p class=\"fs-18 fs-normal fw-semibold lineheigth-24 gray-5 m-0 p-0 text-white\">Sua melhor escolha para hoje</p></div></a></div><script type=\"application/ld+json\">{\"@context\": \"https://schema.org\",\"@type\": \"ImageObject\",\"name\": \"Sua melhor escolha para hoje Acompanhante Yara Mendes\",\"description\": \"Foto de Yara Mendes,Sua melhor escolha para hoje,em Vit\u00f3ria ES\",\"contentUrl\": \"https://static.ilhadoprazer.com.br/acompanhantes/yara-mendes-673210/feed-acompanhante-yara-mendes-2026-08-20-152902.jpeg\",\"uploadDate\": \"2026-08-20T11:05:03-03:00\",\"regionsAllowed\": \"BR\",\"inLanguage\": \"pt-BR\",\"publisher\":{\"@type\": \"Organization\",\"@id\": \"https://www.ilhadoprazer.com.br/#organization\",\"name\": \"Ilha do Prazer\",\"logo\":{\"@type\": \"ImageObject\",\"url\": \"https://static.ilhadoprazer.com.br/assets/logo.svg\",\"width\": 178,\"height\": 64}}}</script><div class=\"image-post mt-5\"><img src=\"https://static.ilhadoprazer.com.br/acompanhantes/yara-mendes-673210/feed-acompanhante-yara-mendes-2026-08-20-152902.jpeg\" alt=\"Yara Mendes, Vit\u00f3ria ES - Sua melhor escolha para hoje - Sua melhor escolha para hoje \" class=\"image-cover \" loading=\"lazy\" /></div><div><div class=\"social-area w-100 h-auto d-flex flex-direction-column gap-8\"><div class=\"action-area w-100\"><div class=\"top row flex-direction-row justify-content-space-around\"><a href=\"https://www.ilhadoprazer.com.br/acompanhante/yara-mendes-673210?source=feed\" title=\"Veja o perfil de Yara Mendes\" class=\"btn-action d-flex flex-direction-row gap-8 align-items-center\"><i class=\"svg my-profile-icon\"></i><p class=\"mini-text1 gray-2 text-white fs-14\">Meu Perfil</p></a><a class=\"btn-action d-flex flex-direction-row gap-8 align-items-center\" href=\"https://www.ilhadoprazer.com.br/acompanhante/yara-mendes-673210?source=feed\" title=\"Fale com Yara Mendes no Whatsapp\"><i class=\"svg whatsapp-icon\"></i><span class=\"mini-text1 gray-2 text-white fs-14\">Whatsapp</span></a><a href=\"https://www.ilhadoprazer.com.br/acompanhante/yara-mendes-673210?area=feeds&source=feed\" title=\"Veja mais publica\u00e7\u00f5es de Yara Mendes no Ilha do Prazer\" class=\"btn-action d-flex flex-direction-row gap-8 align-items-center\"><i class=\"svg view-more-feed-icon\"></i><p class=\"mini-text1 gray-2 text-white fs-14\">Ver Mais...</p></a></div></div></div></div><div><div class=\"social-area w-100 h-auto d-flex flex-direction-column gap-8\"><div class=\"action-area w-100\"><div class=\"top row flex-direction-row justify-content-space-around\"><a href=\"javascript:\" title=\"Curtir postagem de Yara Mendes\" data-id=\"152902\" data-acompanhante=\"6732\" onclick=\"LikeFeed(this)\" class=\"btn-action d-flex flex-direction-row gap-8 align-items-center\"><i class=\"d-inline-block like-icon\"></i><p class=\"mini-text1 gray-2 text-white fs-14\">(<span>1</span>) Curtir</p></a><a class=\"btn-action d-flex flex-direction-row gap-8 align-items-center\" href=\"javascript:\" title=\"Comentar postagem de Yara Mendes\" data-feed=\"152902\" data-acompanhante=\"6732\" data-order=\"1\" onclick=\"ReplyComment(this)\"><i class=\"svg comment-icon\"></i><span class=\"mini-text1 gray-2 text-white fs-14\" >Comentar </span></a><a class=\"btn-action d-flex flex-direction-row gap-8 align-items-center\" title=\"Compartilhar com um amigo a postagem de Yara Mendes\" data-type='compartilharfeed' data-id=\"6732\" data-id-feed=\"152902\" href=\"javascript:\" data-href=\"http://api.whatsapp.com/send?text=%2A%5BVeja%20a%20postagem%20da%20acompanhante%20YARA%20MENDES%20na%20cidade%20Vit\u00f3ria%20no%20site%20ILHA%20DO%20PRAZER%5D%2A%0D%0D%20%0D%0A%0D%0Ahttps://www.ilhadoprazer.com.br/acompanhante/yara-mendes-673210%3Fshared=152902%26source=shared\" rel='noopener' onclick=\"Share(this);\"><i class=\"svg arrow-share-icon\"></i><p class=\"mini-text1 gray-2 text-white fs-14\">Compartilhar</p></a></div></div></div></div></div>    <div class=\"feed-post image_feed\" data-page=\"22\" data-time=\"20260820110359\" data-likes=\"0\" data-type=\"image\" data-id=\"152898\"><div><a href=\"https://www.ilhadoprazer.com.br/acompanhante/yara-mendes-673210?source=feed\" title=\"Yara Mendes, Vit\u00f3ria ES - Sua melhor escolha para hoje\" class=\"header-area d-flex w-100 flex-direction-row gap-10 p-8\"><div class=\"photo-profile position-relative\"><img src=\"https://static.ilhadoprazer.com.br/acompanhantes/yara-mendes-673210/acompanhante-yara-mendes-capa_vertical_6732_00012.jpg\" alt=\"Yara Mendes, Vit\u00f3ria ES - Sua melhor escolha para hoje\" loading=\"lazy\"></div><div class=\"details-profile w-100 d-flex flex-direction-column gap-6\"><div class=\"name-time d-flex flex-direction-row justify-content-space-between\"><p class=\"fs-normal fs-20 fw-lighbold lineheigth-24 gray-3 p-0 m-0 text-white text-ellipsis\"> Yara Mendes</p><p class=\"fs-normal fs-14 fw-normal lineheigth-24 gray-3 p-0 m-0 text-white\">H\u00e1 12 dias</p></div><span class=\"d-block pl-10 pr-10 pt-3 pb-3 fs-10 fw-bold gold\">Acompanhante Ouro</span><p class=\"fs-18 fs-normal fw-semibold lineheigth-24 gray-5 m-0 p-0 text-white\">Vit\u00f3ria/ES</p><p class=\"fs-18 fs-normal fw-semibold lineheigth-24 gray-5 m-0 p-0 text-white\">Sua melhor escolha para hoje</p></div></a></div><script type=\"application/ld+json\">{\"@context\": \"https://schema.org\",\"@type\": \"ImageObject\",\"name\": \"Sua melhor escolha para hoje Acompanhante Yara Mendes\",\"description\": \"Foto de Yara Mendes,Sua melhor escolha para hoje,em Vit\u00f3ria ES\",\"contentUrl\": \"https://static.ilhadoprazer.com.br/acompanhantes/yara-mendes-673210/feed-acompanhante-yara-mendes-2026-08-20-152898.jpeg\",\"uploadDate\": \"2026-08-20T11:03:59-03:00\",\"regionsAllowed\": \"BR\",\"inLanguage\": \"pt-BR\",\"publisher\":{\"@type\": \"Organization\",\"@id\": \"https://www.ilhadoprazer.com.br/#organization\",\"name\": \"Ilha do Prazer\",\"logo\":{\"@type\": \"ImageObject\",\"url\": \"https://static.ilhadoprazer.com.br/assets/logo.svg\",\"width\": 178,\"height\": 64}}}</script><div class=\"image-post mt-5\"><img src=\"https://static.ilhadoprazer.com.br/acompanhantes/yara-mendes-673210/feed-acompanhante-yara-mendes-2026-08-20-152898.jpeg\" alt=\"Yara Mendes, Vit\u00f3ria ES - Sua melhor escolha para hoje - Sua melhor escolha para hoje \" class=\"image-cover \" loading=\"lazy\" /></div><div><div class=\"social-area w-100 h-auto d-flex flex-direction-column gap-8\"><div class=\"action-area w-100\"><div class=\"top row flex-direction-row justify-content-space-around\"><a href=\"https://www.ilhadoprazer.com.br/acompanhante/yara-mendes-673210?source=feed\" title=\"Veja o perfil de Yara Mendes\" class=\"btn-action d-flex flex-direction-row gap-8 align-items-center\"><i class=\"svg my-profile-icon\"></i><p class=\"mini-text1 gray-2 text-white fs-14\">Meu Perfil</p></a><a class=\"btn-action d-flex flex-direction-row gap-8 align-items-center\" href=\"https://www.ilhadoprazer.com.br/acompanhante/yara-mendes-673210?source=feed\" title=\"Fale com Yara Mendes no Whatsapp\"><i class=\"svg whatsapp-icon\"></i><span class=\"mini-text1 gray-2 text-white fs-14\">Whatsapp</span></a><a href=\"https://www.ilhadoprazer.com.br/acompanhante/yara-mendes-673210?area=feeds&source=feed\" title=\"Veja mais publica\u00e7\u00f5es de Yara Mendes no Ilha do Prazer\" class=\"btn-action d-flex flex-direction-row gap-8 align-items-center\"><i class=\"svg view-more-feed-icon\"></i><p class=\"mini-text1 gray-2 text-white fs-14\">Ver Mais...</p></a></div></div></div></div><div><div class=\"social-area w-100 h-auto d-flex flex-direction-column gap-8\"><div class=\"action-area w-100\"><div class=\"top row flex-direction-row justify-content-space-around\"><a href=\"javascript:\" title=\"Curtir postagem de Yara Mendes\" data-id=\"152898\" data-acompanhante=\"6732\" onclick=\"LikeFeed(this)\" class=\"btn-action d-flex flex-direction-row gap-8 align-items-center\"><i class=\"d-inline-block like-icon\"></i><p class=\"mini-text1 gray-2 text-white fs-14\">(<span>0</span>) Curtir</p></a><a class=\"btn-action d-flex flex-direction-row gap-8 align-items-center\" href=\"javascript:\" title=\"Comentar postagem de Yara Mendes\" data-feed=\"152898\" data-acompanhante=\"6732\" data-order=\"1\" onclick=\"ReplyComment(this)\"><i class=\"svg comment-icon\"></i><span class=\"mini-text1 gray-2 text-white fs-14\" >Comentar </span></a><a class=\"btn-action d-flex flex-direction-row gap-8 align-items-center\" title=\"Compartilhar com um amigo a postagem de Yara Mendes\" data-type='compartilharfeed' data-id=\"6732\" data-id-feed=\"152898\" href=\"javascript:\" data-href=\"http://api.whatsapp.com/send?text=%2A%5BVeja%20a%20postagem%20da%20acompanhante%20YARA%20MENDES%20na%20cidade%20Vit\u00f3ria%20no%20site%20ILHA%20DO%20PRAZER%5D%2A%0D%0D%20%0D%0A%0D%0Ahttps://www.ilhadoprazer.com.br/acompanhante/yara-mendes-673210%3Fshared=152898%26source=shared\" rel='noopener' onclick=\"Share(this);\"><i class=\"svg arrow-share-icon\"></i><p class=\"mini-text1 gray-2 text-white fs-14\">Compartilhar</p></a></div></div></div></div></div>    <div class=\"feed-post image_feed\" data-page=\"22\" data-time=\"20260820110230\" data-likes=\"1\" data-type=\"image\" data-id=\"152897\"><div><a href=\"https://www.ilhadoprazer.com.br/acompanhante/yara-mendes-673210?source=feed\" title=\"Yara Mendes, Vit\u00f3ria ES - Sua melhor escolha para hoje\" class=\"header-area d-flex w-100 flex-direction-row gap-10 p-8\"><div class=\"photo-profile position-relative\"><img src=\"https://static.ilhadoprazer.com.br/acompanhantes/yara-mendes-673210/acompanhante-yara-mendes-capa_vertical_6732_00012.jpg\" alt=\"Yara Mendes, Vit\u00f3ria ES - Sua melhor escolha para hoje\" loading=\"lazy\"></div><div class=\"details-profile w-100 d-flex flex-direction-column gap-6\"><div class=\"name-time d-flex flex-direction-row justify-content-space-between\"><p class=\"fs-normal fs-20 fw-lighbold lineheigth-24 gray-3 p-0 m-0 text-white text-ellipsis\"> Yara Mendes</p><p class=\"fs-normal fs-14 fw-normal lineheigth-24 gray-3 p-0 m-0 text-white\">H\u00e1 12 dias</p></div><span class=\"d-block pl-10 pr-10 pt-3 pb-3 fs-10 fw-bold gold\">Acompanhante Ouro</span><p class=\"fs-18 fs-normal fw-semibold lineheigth-24 gray-5 m-0 p-0 text-white\">Vit\u00f3ria/ES</p><p class=\"fs-18 fs-normal fw-semibold lineheigth-24 gray-5 m-0 p-0 text-white\">Sua melhor escolha para hoje</p></div></a></div><script type=\"application/ld+json\">{\"@context\": \"https://schema.org\",\"@type\": \"ImageObject\",\"name\": \"Sua melhor escolha para hoje Acompanhante Yara Mendes\",\"description\": \"Foto de Yara Mendes,Sua melhor escolha para hoje,em Vit\u00f3ria ES\",\"contentUrl\": \"https://static.ilhadoprazer.com.br/acompanhantes/yara-mendes-673210/feed-acompanhante-yara-mendes-2026-08-20-152897.jpeg\",\"uploadDate\": \"2026-08-20T11:02:30-03:00\",\"regionsAllowed\": \"BR\",\"inLanguage\": \"pt-BR\",\"publisher\":{\"@type\": \"Organization\",\"@id\": \"https://www.ilhadoprazer.com.br/#organization\",\"name\": \"Ilha do Prazer\",\"logo\":{\"@type\": \"ImageObject\",\"url\": \"https://static.ilhadoprazer.com.br/assets/logo.svg\",\"width\": 178,\"height\": 64}}}</script><div class=\"image-post mt-5\"><img src=\"https://static.ilhadoprazer.com.br/acompanhantes/yara-mendes-673210/feed-acompanhante-yara-mendes-2026-08-20-152897.jpeg\" alt=\"Yara Mendes, Vit\u00f3ria ES - Sua melhor escolha para hoje - Sua melhor escolha para hoje \" class=\"image-cover \" loading=\"lazy\" /></div><div><div class=\"social-area w-100 h-auto d-flex flex-direction-column gap-8\"><div class=\"action-area w-100\"><div class=\"top row flex-direction-row justify-content-space-around\"><a href=\"https://www.ilhadoprazer.com.br/acompanhante/yara-mendes-673210?source=feed\" title=\"Veja o perfil de Yara Mendes\" class=\"btn-action d-flex flex-direction-row gap-8 align-items-center\"><i class=\"svg my-profile-icon\"></i><p class=\"mini-text1 gray-2 text-white fs-14\">Meu Perfil</p></a><a class=\"btn-action d-flex flex-direction-row gap-8 align-items-center\" href=\"https://www.ilhadoprazer.com.br/acompanhante/yara-mendes-673210?source=feed\" title=\"Fale com Yara Mendes no Whatsapp\"><i class=\"svg whatsapp-icon\"></i><span class=\"mini-text1 gray-2 text-white fs-14\">Whatsapp</span></a><a href=\"https://www.ilhadoprazer.com.br/acompanhante/yara-mendes-673210?area=feeds&source=feed\" title=\"Veja mais publica\u00e7\u00f5es de Yara Mendes no Ilha do Prazer\" class=\"btn-action d-flex flex-direction-row gap-8 align-items-center\"><i class=\"svg view-more-feed-icon\"></i><p class=\"mini-text1 gray-2 text-white fs-14\">Ver Mais...</p></a></div></div></div></div><div><div class=\"social-area w-100 h-auto d-flex flex-direction-column gap-8\"><div class=\"action-area w-100\"><div class=\"top row flex-direction-row justify-content-space-around\"><a href=\"javascript:\" title=\"Curtir postagem de Yara Mendes\" data-id=\"152897\" data-acompanhante=\"6732\" onclick=\"LikeFeed(this)\" class=\"btn-action d-flex flex-direction-row gap-8 align-items-center\"><i class=\"d-inline-block like-icon\"></i><p class=\"mini-text1 gray-2 text-white fs-14\">(<span>1</span>) Curtir</p></a><a class=\"btn-action d-flex flex-direction-row gap-8 align-items-center\" href=\"javascript:\" title=\"Comentar postagem de Yara Mendes\" data-feed=\"152897\" data-acompanhante=\"6732\" data-order=\"1\" onclick=\"ReplyComment(this)\"><i class=\"svg comment-icon\"></i><span class=\"mini-text1 gray-2 text-white fs-14\" >Comentar </span></a><a class=\"btn-action d-flex flex-direction-row gap-8 align-items-center\" title=\"Compartilhar com um amigo a postagem de Yara Mendes\" data-type='compartilharfeed' data-id=\"6732\" data-id-feed=\"152897\" href=\"javascript:\" data-href=\"http://api.whatsapp.com/send?text=%2A%5BVeja%20a%20postagem%20da%20acompanhante%20YARA%20MENDES%20na%20cidade%20Vit\u00f3ria%20no%20site%20ILHA%20DO%20PRAZER%5D%2A%0D%0D%20%0D%0A%0D%0Ahttps://www.ilhadoprazer.com.br/acompanhante/yara-mendes-673210%3Fshared=152897%26source=shared\" rel='noopener' onclick=\"Share(this);\"><i class=\"svg arrow-share-icon\"></i><p class=\"mini-text1 gray-2 text-white fs-14\">Compartilhar</p></a></div></div></div></div></div>    <div class=\"feed-post video_feed\" data-page=\"22\" data-time=\"20260820103227\" data-likes=\"2\" data-type=\"video\" data-id=\"152888\"><div><a href=\"https://www.ilhadoprazer.com.br/acompanhante/nycoli-ferrari-960031?source=feed\" title=\"Nycoli Ferrari, Vit\u00f3ria ES - Acompanhante de luxo\" class=\"header-area d-flex w-100 flex-direction-row gap-10 p-8\"><div class=\"photo-profile position-relative\"><img src=\"https://static.ilhadoprazer.com.br/acompanhantes/nycoli-ferrari-960031/acompanhante-nycoli-ferrari-capa_vertical_9600_00003.jpg\" alt=\"Nycoli Ferrari, Vit\u00f3ria ES - Acompanhante de luxo\" loading=\"lazy\"></div><div class=\"details-profile w-100 d-flex flex-direction-column gap-6\"><div class=\"name-time d-flex flex-direction-row justify-content-space-between\"><p class=\"fs-normal fs-20 fw-lighbold lineheigth-24 gray-3 p-0 m-0 text-white text-ellipsis\"> Nycoli Ferrari</p><p class=\"fs-normal fs-14 fw-normal lineheigth-24 gray-3 p-0 m-0 text-white\">H\u00e1 12 dias</p></div><span class=\"d-block pl-10 pr-10 pt-3 pb-3 fs-10 fw-bold gold\">Acompanhante Ouro</span><p class=\"fs-18 fs-normal fw-semibold lineheigth-24 gray-5 m-0 p-0 text-white\">Vit\u00f3ria/ES</p><p class=\"fs-18 fs-normal fw-semibold lineheigth-24 gray-5 m-0 p-0 text-white\">Acompanhante de luxo</p></div></a></div><a href=\"javascript:\" onclick=\"PlayVideoFeed(this, `https://static.ilhadoprazer.com.br/acompanhantes/nycoli-ferrari-960031/feed-acompanhante-nycoli-ferrari-2026-08-20-152888.mp4`, 0); \"class=\"d-block image-post\"><img class=\"image-cover\" src=\"https://static.ilhadoprazer.com.br/acompanhantes/nycoli-ferrari-960031/feed-acompanhante-nycoli-ferrari-2026-08-20-152888.jpg\" alt=\"V\u00eddeo Nycoli Ferrari, Vit\u00f3ria ES - Acompanhante de luxo - Clique para assistir\" loading=\"lazy\"><div class=\"iconvideo \"><i class=\"d-inline-block video-play-icon\"></i></div></a><div><div class=\"social-area w-100 h-auto d-flex flex-direction-column gap-8\"><div class=\"action-area w-100\"><div class=\"top row flex-direction-row justify-content-space-around\"><a href=\"https://www.ilhadoprazer.com.br/acompanhante/nycoli-ferrari-960031?source=feed\" title=\"Veja o perfil de Nycoli Ferrari\" class=\"btn-action d-flex flex-direction-row gap-8 align-items-center\"><i class=\"svg my-profile-icon\"></i><p class=\"mini-text1 gray-2 text-white fs-14\">Meu Perfil</p></a><a class=\"btn-action d-flex flex-direction-row gap-8 align-items-center\" href=\"https://www.ilhadoprazer.com.br/acompanhante/nycoli-ferrari-960031?source=feed\" title=\"Fale com Nycoli Ferrari no Whatsapp\"><i class=\"svg whatsapp-icon\"></i><span class=\"mini-text1 gray-2 text-white fs-14\">Whatsapp</span></a><a href=\"https://www.ilhadoprazer.com.br/acompanhante/nycoli-ferrari-960031?area=feeds&source=feed\" title=\"Veja mais publica\u00e7\u00f5es de Nycoli Ferrari no Ilha do Prazer\" class=\"btn-action d-flex flex-direction-row gap-8 align-items-center\"><i class=\"svg view-more-feed-icon\"></i><p class=\"mini-text1 gray-2 text-white fs-14\">Ver Mais...</p></a></div></div></div></div><div><div class=\"social-area w-100 h-auto d-flex flex-direction-column gap-8\"><div class=\"action-area w-100\"><div class=\"top row flex-direction-row justify-content-space-around\"><a href=\"javascript:\" title=\"Curtir postagem de Nycoli Ferrari\" data-id=\"152888\" data-acompanhante=\"9600\" onclick=\"LikeFeed(this)\" class=\"btn-action d-flex flex-direction-row gap-8 align-items-center\"><i class=\"d-inline-block like-icon\"></i><p class=\"mini-text1 gray-2 text-white fs-14\">(<span>2</span>) Curtir</p></a><a class=\"btn-action d-flex flex-direction-row gap-8 align-items-center\" href=\"javascript:\" title=\"Comentar postagem de Nycoli Ferrari\" data-feed=\"152888\" data-acompanhante=\"9600\" data-order=\"1\" onclick=\"ReplyComment(this)\"><i class=\"svg comment-icon\"></i><span class=\"mini-text1 gray-2 text-white fs-14\" >Comentar </span></a><a class=\"btn-action d-flex flex-direction-row gap-8 align-items-center\" title=\"Compartilhar com um amigo a postagem de Nycoli Ferrari\" data-type='compartilharfeed' data-id=\"9600\" data-id-feed=\"152888\" href=\"javascript:\" data-href=\"http://api.whatsapp.com/send?text=%2A%5BVeja%20a%20postagem%20da%20acompanhante%20NYCOLI%20FERRARI%20na%20cidade%20Vit\u00f3ria%20no%20site%20ILHA%20DO%20PRAZER%5D%2A%0D%0D%20%0D%0A%0D%0Ahttps://www.ilhadoprazer.com.br/acompanhante/nycoli-ferrari-960031%3Fshared=152888%26source=shared\" rel='noopener' onclick=\"Share(this);\"><i class=\"svg arrow-share-icon\"></i><p class=\"mini-text1 gray-2 text-white fs-14\">Compartilhar</p></a></div></div></div></div></div>    <div class=\"feed-post video_feed\" data-page=\"22\" data-time=\"20260820102903\" data-likes=\"1\" data-type=\"video\" data-id=\"152886\"><div><a href=\"https://www.ilhadoprazer.com.br/acompanhante/nycoli-ferrari-960031?source=feed\" title=\"Nycoli Ferrari, Vit\u00f3ria ES - Acompanhante de luxo\" class=\"header-area d-flex w-100 flex-direction-row gap-10 p-8\"><div class=\"photo-profile position-relative\"><img src=\"https://static.ilhadoprazer.com.br/acompanhantes/nycoli-ferrari-960031/acompanhante-nycoli-ferrari-capa_vertical_9600_00003.jpg\" alt=\"Nycoli Ferrari, Vit\u00f3ria ES - Acompanhante de luxo\" loading=\"lazy\"></div><div class=\"details-profile w-100 d-flex flex-direction-column gap-6\"><div class=\"name-time d-flex flex-direction-row justify-content-space-between\"><p class=\"fs-normal fs-20 fw-lighbold lineheigth-24 gray-3 p-0 m-0 text-white text-ellipsis\"> Nycoli Ferrari</p><p class=\"fs-normal fs-14 fw-normal lineheigth-24 gray-3 p-0 m-0 text-white\">H\u00e1 12 dias</p></div><span class=\"d-block pl-10 pr-10 pt-3 pb-3 fs-10 fw-bold gold\">Acompanhante Ouro</span><p class=\"fs-18 fs-normal fw-semibold lineheigth-24 gray-5 m-0 p-0 text-white\">Vit\u00f3ria/ES</p><p class=\"fs-18 fs-normal fw-semibold lineheigth-24 gray-5 m-0 p-0 text-white\">Acompanhante de luxo</p></div></a></div><a href=\"javascript:\" onclick=\"PlayVideoFeed(this, `https://static.ilhadoprazer.com.br/acompanhantes/nycoli-ferrari-960031/feed-acompanhante-nycoli-ferrari-2026-08-20-152886.mp4`, 0); \"class=\"d-block image-post\"><img class=\"image-cover\" src=\"https://static.ilhadoprazer.com.br/acompanhantes/nycoli-ferrari-960031/feed-acompanhante-nycoli-ferrari-2026-08-20-152886.jpg\" alt=\"V\u00eddeo Nycoli Ferrari, Vit\u00f3ria ES - Acompanhante de luxo - Clique para assistir\" loading=\"lazy\"><div class=\"iconvideo \"><i class=\"d-inline-block video-play-icon\"></i></div></a><div><div class=\"social-area w-100 h-auto d-flex flex-direction-column gap-8\"><div class=\"action-area w-100\"><div class=\"top row flex-direction-row justify-content-space-around\"><a href=\"https://www.ilhadoprazer.com.br/acompanhante/nycoli-ferrari-960031?source=feed\" title=\"Veja o perfil de Nycoli Ferrari\" class=\"btn-action d-flex flex-direction-row gap-8 align-items-center\"><i class=\"svg my-profile-icon\"></i><p class=\"mini-text1 gray-2 text-white fs-14\">Meu Perfil</p></a><a class=\"btn-action d-flex flex-direction-row gap-8 align-items-center\" href=\"https://www.ilhadoprazer.com.br/acompanhante/nycoli-ferrari-960031?source=feed\" title=\"Fale com Nycoli Ferrari no Whatsapp\"><i class=\"svg whatsapp-icon\"></i><span class=\"mini-text1 gray-2 text-white fs-14\">Whatsapp</span></a><a href=\"https://www.ilhadoprazer.com.br/acompanhante/nycoli-ferrari-960031?area=feeds&source=feed\" title=\"Veja mais publica\u00e7\u00f5es de Nycoli Ferrari no Ilha do Prazer\" class=\"btn-action d-flex flex-direction-row gap-8 align-items-center\"><i class=\"svg view-more-feed-icon\"></i><p class=\"mini-text1 gray-2 text-white fs-14\">Ver Mais...</p></a></div></div></div></div><div><div class=\"social-area w-100 h-auto d-flex flex-direction-column gap-8\"><div class=\"action-area w-100\"><div class=\"top row flex-direction-row justify-content-space-around\"><a href=\"javascript:\" title=\"Curtir postagem de Nycoli Ferrari\" data-id=\"152886\" data-acompanhante=\"9600\" onclick=\"LikeFeed(this)\" class=\"btn-action d-flex flex-direction-row gap-8 align-items-center\"><i class=\"d-inline-block like-icon\"></i><p class=\"mini-text1 gray-2 text-white fs-14\">(<span>1</span>) Curtir</p></a><a class=\"btn-action d-flex flex-direction-row gap-8 align-items-center\" href=\"javascript:\" title=\"Comentar postagem de Nycoli Ferrari\" data-feed=\"152886\" data-acompanhante=\"9600\" data-order=\"1\" onclick=\"ReplyComment(this)\"><i class=\"svg comment-icon\"></i><span class=\"mini-text1 gray-2 text-white fs-14\" >Comentar </span></a><a class=\"btn-action d-flex flex-direction-row gap-8 align-items-center\" title=\"Compartilhar com um amigo a postagem de Nycoli Ferrari\" data-type='compartilharfeed' data-id=\"9600\" data-id-feed=\"152886\" href=\"javascript:\" data-href=\"http://api.whatsapp.com/send?text=%2A%5BVeja%20a%20postagem%20da%20acompanhante%20NYCOLI%20FERRARI%20na%20cidade%20Vit\u00f3ria%20no%20site%20ILHA%20DO%20PRAZER%5D%2A%0D%0D%20%0D%0A%0D%0Ahttps://www.ilhadoprazer.com.br/acompanhante/nycoli-ferrari-960031%3Fshared=152886%26source=shared\" rel='noopener' onclick=\"Share(this);\"><i class=\"svg arrow-share-icon\"></i><p class=\"mini-text1 gray-2 text-white fs-14\">Compartilhar</p></a></div></div></div></div></div>    <div class=\"feed-post image_feed\" data-page=\"22\" data-time=\"20260820102825\" data-likes=\"3\" data-type=\"image\" data-id=\"152885\"><div><a href=\"https://www.ilhadoprazer.com.br/acompanhante/nycoli-ferrari-960031?source=feed\" title=\"Nycoli Ferrari, Vit\u00f3ria ES - Acompanhante de luxo\" class=\"header-area d-flex w-100 flex-direction-row gap-10 p-8\"><div class=\"photo-profile position-relative\"><img src=\"https://static.ilhadoprazer.com.br/acompanhantes/nycoli-ferrari-960031/acompanhante-nycoli-ferrari-capa_vertical_9600_00003.jpg\" alt=\"Nycoli Ferrari, Vit\u00f3ria ES - Acompanhante de luxo\" loading=\"lazy\"></div><div class=\"details-profile w-100 d-flex flex-direction-column gap-6\"><div class=\"name-time d-flex flex-direction-row justify-content-space-between\"><p class=\"fs-normal fs-20 fw-lighbold lineheigth-24 gray-3 p-0 m-0 text-white text-ellipsis\"> Nycoli Ferrari</p><p class=\"fs-normal fs-14 fw-normal lineheigth-24 gray-3 p-0 m-0 text-white\">H\u00e1 12 dias</p></div><span class=\"d-block pl-10 pr-10 pt-3 pb-3 fs-10 fw-bold gold\">Acompanhante Ouro</span><p class=\"fs-18 fs-normal fw-semibold lineheigth-24 gray-5 m-0 p-0 text-white\">Vit\u00f3ria/ES</p><p class=\"fs-18 fs-normal fw-semibold lineheigth-24 gray-5 m-0 p-0 text-white\">Acompanhante de luxo</p></div></a></div><script type=\"application/ld+json\">{\"@context\": \"https://schema.org\",\"@type\": \"ImageObject\",\"name\": \"Acompanhante de luxo Acompanhante Nycoli Ferrari\",\"description\": \"Foto de Nycoli Ferrari,Acompanhante de luxo,em Vit\u00f3ria ES\",\"contentUrl\": \"https://static.ilhadoprazer.com.br/acompanhantes/nycoli-ferrari-960031/feed-acompanhante-nycoli-ferrari-2026-08-20-152885.jpeg\",\"uploadDate\": \"2026-08-20T10:28:25-03:00\",\"regionsAllowed\": \"BR\",\"inLanguage\": \"pt-BR\",\"publisher\":{\"@type\": \"Organization\",\"@id\": \"https://www.ilhadoprazer.com.br/#organization\",\"name\": \"Ilha do Prazer\",\"logo\":{\"@type\": \"ImageObject\",\"url\": \"https://static.ilhadoprazer.com.br/assets/logo.svg\",\"width\": 178,\"height\": 64}}}</script><div class=\"image-post mt-5\"><img src=\"https://static.ilhadoprazer.com.br/acompanhantes/nycoli-ferrari-960031/feed-acompanhante-nycoli-ferrari-2026-08-20-152885.jpeg\" alt=\"Nycoli Ferrari, Vit\u00f3ria ES - Acompanhante de luxo - Acompanhante de luxo \" class=\"image-cover \" loading=\"lazy\" /></div><div><div class=\"social-area w-100 h-auto d-flex flex-direction-column gap-8\"><div class=\"action-area w-100\"><div class=\"top row flex-direction-row justify-content-space-around\"><a href=\"https://www.ilhadoprazer.com.br/acompanhante/nycoli-ferrari-960031?source=feed\" title=\"Veja o perfil de Nycoli Ferrari\" class=\"btn-action d-flex flex-direction-row gap-8 align-items-center\"><i class=\"svg my-profile-icon\"></i><p class=\"mini-text1 gray-2 text-white fs-14\">Meu Perfil</p></a><a class=\"btn-action d-flex flex-direction-row gap-8 align-items-center\" href=\"https://www.ilhadoprazer.com.br/acompanhante/nycoli-ferrari-960031?source=feed\" title=\"Fale com Nycoli Ferrari no Whatsapp\"><i class=\"svg whatsapp-icon\"></i><span class=\"mini-text1 gray-2 text-white fs-14\">Whatsapp</span></a><a href=\"https://www.ilhadoprazer.com.br/acompanhante/nycoli-ferrari-960031?area=feeds&source=feed\" title=\"Veja mais publica\u00e7\u00f5es de Nycoli Ferrari no Ilha do Prazer\" class=\"btn-action d-flex flex-direction-row gap-8 align-items-center\"><i class=\"svg view-more-feed-icon\"></i><p class=\"mini-text1 gray-2 text-white fs-14\">Ver Mais...</p></a></div></div></div></div><div><div class=\"social-area w-100 h-auto d-flex flex-direction-column gap-8\"><div class=\"action-area w-100\"><div class=\"top row flex-direction-row justify-content-space-around\"><a href=\"javascript:\" title=\"Curtir postagem de Nycoli Ferrari\" data-id=\"152885\" data-acompanhante=\"9600\" onclick=\"LikeFeed(this)\" class=\"btn-action d-flex flex-direction-row gap-8 align-items-center\"><i class=\"d-inline-block like-icon\"></i><p class=\"mini-text1 gray-2 text-white fs-14\">(<span>3</span>) Curtir</p></a><a class=\"btn-action d-flex flex-direction-row gap-8 align-items-center\" href=\"javascript:\" title=\"Comentar postagem de Nycoli Ferrari\" data-feed=\"152885\" data-acompanhante=\"9600\" data-order=\"1\" onclick=\"ReplyComment(this)\"><i class=\"svg comment-icon\"></i><span class=\"mini-text1 gray-2 text-white fs-14\" >Comentar </span></a><a class=\"btn-action d-flex flex-direction-row gap-8 align-items-center\" title=\"Compartilhar com um amigo a postagem de Nycoli Ferrari\" data-type='compartilharfeed' data-id=\"9600\" data-id-feed=\"152885\" href=\"javascript:\" data-href=\"http://api.whatsapp.com/send?text=%2A%5BVeja%20a%20postagem%20da%20acompanhante%20NYCOLI%20FERRARI%20na%20cidade%20Vit\u00f3ria%20no%20site%20ILHA%20DO%20PRAZER%5D%2A%0D%0D%20%0D%0A%0D%0Ahttps://www.ilhadoprazer.com.br/acompanhante/nycoli-ferrari-960031%3Fshared=152885%26source=shared\" rel='noopener' onclick=\"Share(this);\"><i class=\"svg arrow-share-icon\"></i><p class=\"mini-text1 gray-2 text-white fs-14\">Compartilhar</p></a></div></div></div></div></div>    <div class=\"feed-post image_feed\" data-page=\"22\" data-time=\"20260820102702\" data-likes=\"2\" data-type=\"image\" data-id=\"152884\"><div><a href=\"https://www.ilhadoprazer.com.br/acompanhante/nycoli-ferrari-960031?source=feed\" title=\"Nycoli Ferrari, Vit\u00f3ria ES - Acompanhante de luxo\" class=\"header-area d-flex w-100 flex-direction-row gap-10 p-8\"><div class=\"photo-profile position-relative\"><img src=\"https://static.ilhadoprazer.com.br/acompanhantes/nycoli-ferrari-960031/acompanhante-nycoli-ferrari-capa_vertical_9600_00003.jpg\" alt=\"Nycoli Ferrari, Vit\u00f3ria ES - Acompanhante de luxo\" loading=\"lazy\"></div><div class=\"details-profile w-100 d-flex flex-direction-column gap-6\"><div class=\"name-time d-flex flex-direction-row justify-content-space-between\"><p class=\"fs-normal fs-20 fw-lighbold lineheigth-24 gray-3 p-0 m-0 text-white text-ellipsis\"> Nycoli Ferrari</p><p class=\"fs-normal fs-14 fw-normal lineheigth-24 gray-3 p-0 m-0 text-white\">H\u00e1 12 dias</p></div><span class=\"d-block pl-10 pr-10 pt-3 pb-3 fs-10 fw-bold gold\">Acompanhante Ouro</span><p class=\"fs-18 fs-normal fw-semibold lineheigth-24 gray-5 m-0 p-0 text-white\">Vit\u00f3ria/ES</p><p class=\"fs-18 fs-normal fw-semibold lineheigth-24 gray-5 m-0 p-0 text-white\">Acompanhante de luxo</p></div></a></div><script type=\"application/ld+json\">{\"@context\": \"https://schema.org\",\"@type\": \"ImageObject\",\"name\": \"Acompanhante de luxo Acompanhante Nycoli Ferrari\",\"description\": \"Foto de Nycoli Ferrari,Acompanhante de luxo,em Vit\u00f3ria ES\",\"contentUrl\": \"https://static.ilhadoprazer.com.br/acompanhantes/nycoli-ferrari-960031/feed-acompanhante-nycoli-ferrari-2026-08-20-152884.tiff\",\"uploadDate\": \"2026-08-20T10:27:02-03:00\",\"regionsAllowed\": \"BR\",\"inLanguage\": \"pt-BR\",\"publisher\":{\"@type\": \"Organization\",\"@id\": \"https://www.ilhadoprazer.com.br/#organization\",\"name\": \"Ilha do Prazer\",\"logo\":{\"@type\": \"ImageObject\",\"url\": \"https://static.ilhadoprazer.com.br/assets/logo.svg\",\"width\": 178,\"height\": 64}}}</script><div class=\"image-post mt-5\"><img src=\"https://static.ilhadoprazer.com.br/acompanhantes/nycoli-ferrari-960031/feed-acompanhante-nycoli-ferrari-2026-08-20-152884.tiff\" alt=\"Nycoli Ferrari, Vit\u00f3ria ES - Acompanhante de luxo - Acompanhante de luxo \" class=\"image-cover \" loading=\"lazy\" /></div><div><div class=\"social-area w-100 h-auto d-flex flex-direction-column gap-8\"><div class=\"action-area w-100\"><div class=\"top row flex-direction-row justify-content-space-around\"><a href=\"https://www.ilhadoprazer.com.br/acompanhante/nycoli-ferrari-960031?source=feed\" title=\"Veja o perfil de Nycoli Ferrari\" class=\"btn-action d-flex flex-direction-row gap-8 align-items-center\"><i class=\"svg my-profile-icon\"></i><p class=\"mini-text1 gray-2 text-white fs-14\">Meu Perfil</p></a><a class=\"btn-action d-flex flex-direction-row gap-8 align-items-center\" href=\"https://www.ilhadoprazer.com.br/acompanhante/nycoli-ferrari-960031?source=feed\" title=\"Fale com Nycoli Ferrari no Whatsapp\"><i class=\"svg whatsapp-icon\"></i><span class=\"mini-text1 gray-2 text-white fs-14\">Whatsapp</span></a><a href=\"https://www.ilhadoprazer.com.br/acompanhante/nycoli-ferrari-960031?area=feeds&source=feed\" title=\"Veja mais publica\u00e7\u00f5es de Nycoli Ferrari no Ilha do Prazer\" class=\"btn-action d-flex flex-direction-row gap-8 align-items-center\"><i class=\"svg view-more-feed-icon\"></i><p class=\"mini-text1 gray-2 text-white fs-14\">Ver Mais...</p></a></div></div></div></div><div><div class=\"social-area w-100 h-auto d-flex flex-direction-column gap-8\"><div class=\"action-area w-100\"><div class=\"top row flex-direction-row justify-content-space-around\"><a href=\"javascript:\" title=\"Curtir postagem de Nycoli Ferrari\" data-id=\"152884\" data-acompanhante=\"9600\" onclick=\"LikeFeed(this)\" class=\"btn-action d-flex flex-direction-row gap-8 align-items-center\"><i class=\"d-inline-block like-icon\"></i><p class=\"mini-text1 gray-2 text-white fs-14\">(<span>2</span>) Curtir</p></a><a class=\"btn-action d-flex flex-direction-row gap-8 align-items-center\" href=\"javascript:\" title=\"Comentar postagem de Nycoli Ferrari\" data-feed=\"152884\" data-acompanhante=\"9600\" data-order=\"1\" onclick=\"ReplyComment(this)\"><i class=\"svg comment-icon\"></i><span class=\"mini-text1 gray-2 text-white fs-14\" >Comentar </span></a><a class=\"btn-action d-flex flex-direction-row gap-8 align-items-center\" title=\"Compartilhar com um amigo a postagem de Nycoli Ferrari\" data-type='compartilharfeed' data-id=\"9600\" data-id-feed=\"152884\" href=\"javascript:\" data-href=\"http://api.whatsapp.com/send?text=%2A%5BVeja%20a%20postagem%20da%20acompanhante%20NYCOLI%20FERRARI%20na%20cidade%20Vit\u00f3ria%20no%20site%20ILHA%20DO%20PRAZER%5D%2A%0D%0D%20%0D%0A%0D%0Ahttps://www.ilhadoprazer.com.br/acompanhante/nycoli-ferrari-960031%3Fshared=152884%26source=shared\" rel='noopener' onclick=\"Share(this);\"><i class=\"svg arrow-share-icon\"></i><p class=\"mini-text1 gray-2 text-white fs-14\">Compartilhar</p></a></div></div></div></div></div> ",
    "prev_data_url": "/acompanhantes-es/feed?page=21",
    "prev_url": "/acompanhantes-es/feed?page=21",
    "next_data_url": "/acompanhantes-es/feed?page=23",
    "next_url": "/acompanhantes-es/feed?page=23"
}